{"id":515,"date":"2025-06-24T12:31:28","date_gmt":"2025-06-24T11:31:28","guid":{"rendered":"https:\/\/www.radiomais.ao\/?p=515"},"modified":"2025-06-24T12:31:28","modified_gmt":"2025-06-24T11:31:28","slug":"luanda-acolhe-1o-forum-nacional-de-inteligencia-artificial","status":"publish","type":"post","link":"https:\/\/www.radiomais.ao\/index.php\/2025\/06\/24\/luanda-acolhe-1o-forum-nacional-de-inteligencia-artificial\/","title":{"rendered":"Luanda acolhe 1\u00ba F\u00f3rum Nacional de Intelig\u00eancia Artificial."},"content":{"rendered":"\n<p>A capital do pa\u00eds acolhe, no dia 16 de Julho, o I F\u00f3rum Nacional de Intelig\u00eancia Artificial (FNIA25), numa iniciativa da Business &amp; Innovation Forum com apoio institucional do Instituto de Moderniza\u00e7\u00e3o Administrativa (IMA). Fonte <strong><em><a href=\"https:\/\/www.opais.ao\/sociedade\/luanda-acolhe-1o-forum-nacional-de-inteligencia-artificial\/\">Opa\u00eds<\/a><\/em><\/strong><\/p>\n\n\n\n<p><\/p>\n","protected":false},"excerpt":{"rendered":"<p>A capital do pa\u00eds acolhe, no dia 16 de Julho, o I F\u00f3rum Nacional de Intelig\u00eancia Artificial (FNIA25), numa iniciativa da Business &amp; Innovation Forum com apoio institucional do Instituto de Moderniza\u00e7\u00e3o Administrativa (IMA). Fonte Opa\u00eds<\/p>\n","protected":false},"author":3,"featured_media":516,"comment_status":"open","ping_status":"open","sticky":false,"template":"","format":"standard","meta":{"footnotes":""},"categories":[16],"tags":[27],"class_list":["post-515","post","type-post","status-publish","format-standard","has-post-thumbnail","hentry","category-actualidade","tag-luanda-acolhe-1o-forum-nacional-de-inteligencia-artificial"],"blocksy_meta":[],"_links":{"self":[{"href":"https:\/\/www.radiomais.ao\/index.php\/wp-json\/wp\/v2\/posts\/515","targetHints":{"allow":["GET"]}}],"collection":[{"href":"https:\/\/www.radiomais.ao\/index.php\/wp-json\/wp\/v2\/posts"}],"about":[{"href":"https:\/\/www.radiomais.ao\/index.php\/wp-json\/wp\/v2\/types\/post"}],"author":[{"embeddable":true,"href":"https:\/\/www.radiomais.ao\/index.php\/wp-json\/wp\/v2\/users\/3"}],"replies":[{"embeddable":true,"href":"https:\/\/www.radiomais.ao\/index.php\/wp-json\/wp\/v2\/comments?post=515"}],"version-history":[{"count":1,"href":"https:\/\/www.radiomais.ao\/index.php\/wp-json\/wp\/v2\/posts\/515\/revisions"}],"predecessor-version":[{"id":517,"href":"https:\/\/www.radiomais.ao\/index.php\/wp-json\/wp\/v2\/posts\/515\/revisions\/517"}],"wp:featuredmedia":[{"embeddable":true,"href":"https:\/\/www.radiomais.ao\/index.php\/wp-json\/wp\/v2\/media\/516"}],"wp:attachment":[{"href":"https:\/\/www.radiomais.ao\/index.php\/wp-json\/wp\/v2\/media?parent=515"}],"wp:term":[{"taxonomy":"category","embeddable":true,"href":"https:\/\/www.radiomais.ao\/index.php\/wp-json\/wp\/v2\/categories?post=515"},{"taxonomy":"post_tag","embeddable":true,"href":"https:\/\/www.radiomais.ao\/index.php\/wp-json\/wp\/v2\/tags?post=515"}],"curies":[{"name":"wp","href":"https:\/\/api.w.org\/{rel}","templated":true}]}}