{"id":5152,"date":"2026-02-24T10:25:28","date_gmt":"2026-02-24T09:25:28","guid":{"rendered":"https:\/\/www.radiomais.ao\/?p=5152"},"modified":"2026-02-24T10:25:28","modified_gmt":"2026-02-24T09:25:28","slug":"escassez-de-juizes-condiciona-celeridade-processual-nos-tribunais-de-comarca-em-cabinda","status":"publish","type":"post","link":"https:\/\/www.radiomais.ao\/index.php\/2026\/02\/24\/escassez-de-juizes-condiciona-celeridade-processual-nos-tribunais-de-comarca-em-cabinda\/","title":{"rendered":"Escassez de ju\u00edzes condiciona celeridade processual nos tribunais de comarca em Cabinda."},"content":{"rendered":"\n<p><strong>O presidente do Conselho Provincial da Ordem dos Advogados de Angola (OAA) em Cabinda, Jo\u00e3o Conde, manifestou uma grande preocupa\u00e7\u00e3o em rela\u00e7\u00e3o \u00e0 situa\u00e7\u00e3o de acumula\u00e7\u00e3o de processos nos tribunais locais de comarca, cuja estagna\u00e7\u00e3o dos mesmos v\u00e3o dando asso de haver uma sonega\u00e7\u00e3o da justi\u00e7a em consequ\u00eancia do n\u00famero ex\u00edguo de ju\u00edzes ao n\u00edvel da prov\u00edncia de Cabinda<\/strong><\/p>\n\n\n\n<p>Falando \u00e0 imprensa, depois de ter sido recebido em audi\u00eancia pela governadora de Cabinda, Suzana de Abreu, Jo\u00e3o Conde disse que, neste momento, Cabinda n\u00e3o deve contar com mais de cinco ju\u00edzes em plenas fun\u00e7\u00f5es, uma vez que os magistrados aqui transferidos e colocados cumprem algum tempo de trabalho e regressam depois para as respectivas \u00e1reas de proveni\u00eancias.<\/p>\n\n\n\n<p>\u201cIsto d\u00e1 lugar a uma acumula\u00e7\u00e3o excessiva de processos, chegando esses processos a fazer 5, 10 ou 15 anos sem nenhuma decis\u00e3o\u201d, lamentou. Segundo Jo\u00e3o Conde, at\u00e9 os processos ligados \u00e0s provid\u00eancias cautelares, de invent\u00e1rios, estabelecimento de filia\u00e7\u00e3o ou de regula\u00e7\u00e3o de paternidade levam muito tempo para serem solucionados. Portanto, de acordo com Jo\u00e3o Conde, a justi\u00e7a em Cabinda enferma-se desse mal que tem a ver com a morosidade processual, que \u00e9 uma consequ\u00eancia da denega\u00e7\u00e3o da justi\u00e7a.<\/p>\n\n\n\n<p>\u201cProcuramos reflectir com a governadora quais s\u00e3o os caminhos que podem ser abra\u00e7ados para uma solu\u00e7\u00e3o\u201d, sublinhou. Para o presidente da OAA em Cabinda, a primeira solu\u00e7\u00e3o \u00e9 apostar na forma\u00e7\u00e3o de recursos humanos, aptos para os devidos efeitos, como ju\u00edzes, magistrados para o Minist\u00e9rio P\u00fablico e oficiais de justi\u00e7a. Ler mais em <strong><em><a href=\"https:\/\/www.opais.ao\/politica\/escassez-de-juizes-condiciona-celeridade-processual-nos-tribunais-de-comarca-em-cabinda\/\">Opa\u00eds<\/a><\/em><\/strong><\/p>\n","protected":false},"excerpt":{"rendered":"<p>O presidente do Conselho Provincial da Ordem dos Advogados de Angola (OAA) em Cabinda, Jo\u00e3o Conde, manifestou uma grande preocupa\u00e7\u00e3o em rela\u00e7\u00e3o \u00e0 situa\u00e7\u00e3o de acumula\u00e7\u00e3o de processos nos tribunais locais de comarca, cuja estagna\u00e7\u00e3o dos mesmos v\u00e3o dando asso de haver uma sonega\u00e7\u00e3o da justi\u00e7a em consequ\u00eancia do n\u00famero ex\u00edguo de ju\u00edzes ao n\u00edvel [&hellip;]<\/p>\n","protected":false},"author":3,"featured_media":5153,"comment_status":"open","ping_status":"open","sticky":false,"template":"","format":"standard","meta":{"footnotes":""},"categories":[16],"tags":[2175],"class_list":["post-5152","post","type-post","status-publish","format-standard","has-post-thumbnail","hentry","category-actualidade","tag-escassez-de-juizes-em-cabinda"],"blocksy_meta":[],"_links":{"self":[{"href":"https:\/\/www.radiomais.ao\/index.php\/wp-json\/wp\/v2\/posts\/5152","targetHints":{"allow":["GET"]}}],"collection":[{"href":"https:\/\/www.radiomais.ao\/index.php\/wp-json\/wp\/v2\/posts"}],"about":[{"href":"https:\/\/www.radiomais.ao\/index.php\/wp-json\/wp\/v2\/types\/post"}],"author":[{"embeddable":true,"href":"https:\/\/www.radiomais.ao\/index.php\/wp-json\/wp\/v2\/users\/3"}],"replies":[{"embeddable":true,"href":"https:\/\/www.radiomais.ao\/index.php\/wp-json\/wp\/v2\/comments?post=5152"}],"version-history":[{"count":1,"href":"https:\/\/www.radiomais.ao\/index.php\/wp-json\/wp\/v2\/posts\/5152\/revisions"}],"predecessor-version":[{"id":5154,"href":"https:\/\/www.radiomais.ao\/index.php\/wp-json\/wp\/v2\/posts\/5152\/revisions\/5154"}],"wp:featuredmedia":[{"embeddable":true,"href":"https:\/\/www.radiomais.ao\/index.php\/wp-json\/wp\/v2\/media\/5153"}],"wp:attachment":[{"href":"https:\/\/www.radiomais.ao\/index.php\/wp-json\/wp\/v2\/media?parent=5152"}],"wp:term":[{"taxonomy":"category","embeddable":true,"href":"https:\/\/www.radiomais.ao\/index.php\/wp-json\/wp\/v2\/categories?post=5152"},{"taxonomy":"post_tag","embeddable":true,"href":"https:\/\/www.radiomais.ao\/index.php\/wp-json\/wp\/v2\/tags?post=5152"}],"curies":[{"name":"wp","href":"https:\/\/api.w.org\/{rel}","templated":true}]}}