{"id":5155,"date":"2026-02-24T10:29:31","date_gmt":"2026-02-24T09:29:31","guid":{"rendered":"https:\/\/www.radiomais.ao\/?p=5155"},"modified":"2026-02-24T10:30:19","modified_gmt":"2026-02-24T09:30:19","slug":"agt-promete-esclarecer-caso-de-suspensao-de-nif-das-empresas","status":"publish","type":"post","link":"https:\/\/www.radiomais.ao\/index.php\/2026\/02\/24\/agt-promete-esclarecer-caso-de-suspensao-de-nif-das-empresas\/","title":{"rendered":"AGT promete esclarecer caso de suspens\u00e3o de NIF das empresas."},"content":{"rendered":"\n<p><strong>Ap\u00f3s publica\u00e7\u00e3o,  da mat\u00e9ria sobre a medida da Administra\u00e7\u00e3o Geral Tribut\u00e1ria (AGT) de suspender os N\u00fameros de Identifica\u00e7\u00e3o Fiscal (NIF), que est\u00e1 a suscitar fortes reac\u00e7\u00f5es da parte de empres\u00e1rios e economistas, a entidade tribut\u00e1ria reagiu e promete fazer um esclarecimento p\u00fablico<\/strong>.<\/p>\n\n\n\n<p>O Departamento de Comunica\u00e7\u00e3o da AGT reagiu, numa mensagem enviada a este jornal, prometendo fazer um esclarecimento \u00fanico, em breve, no qual promete apresentar os fundamentos da medida, o n\u00famero de empresas com NIF suspensos, entre outras quest\u00f5es sobre o assunto.<\/p>\n\n\n\n<p>A AGT suspendeu os N\u00fameros de Identifica\u00e7\u00e3o Fiscal de 42 mil e 971 empresas que ja estavam em risco, at\u00e9 Novembro de 2025, por dificuldades do cumprimento das obriga\u00e7\u00f5es fiscais, no prazo de 12 meses. Segundo dados da AGT, num universo de 402 mil e 937 empresas cadastradas, neste momento, apenas 120 mil e 123 continuam activas.<\/p>\n\n\n\n<p>Importa referir que, recentemente, a AGT esclareceu que o contribuinte pode requerer o levantamento da suspens\u00e3o do N\u00famero de Identifica\u00e7\u00e3o Fiscal, ap\u00f3s regulariza\u00e7\u00e3o da sua situa\u00e7\u00e3o tribut\u00e1ria, com o pagamento de juros e multas, nos termos do artigo 13, da lei 24\/ 21 de 4 de Outubro.<\/p>\n\n\n\n<p>Fruto disso, empres\u00e1rios e economistas receiam que a medida venha matar empresas que j\u00e1 enfrentam dificuldades de v\u00e1rias ordens, com consequ\u00eancias para a pr\u00f3pria economia do pa\u00eds. Ler mais em<strong><em><a href=\"https:\/\/www.opais.ao\/economia\/agt-promete-esclarecer-caso-de-suspensao-de-nif-das-empresas\/\"> Opa\u00eds<\/a><\/em><\/strong><\/p>\n","protected":false},"excerpt":{"rendered":"<p>Ap\u00f3s publica\u00e7\u00e3o, da mat\u00e9ria sobre a medida da Administra\u00e7\u00e3o Geral Tribut\u00e1ria (AGT) de suspender os N\u00fameros de Identifica\u00e7\u00e3o Fiscal (NIF), que est\u00e1 a suscitar fortes reac\u00e7\u00f5es da parte de empres\u00e1rios e economistas, a entidade tribut\u00e1ria reagiu e promete fazer um esclarecimento p\u00fablico. O Departamento de Comunica\u00e7\u00e3o da AGT reagiu, numa mensagem enviada a este jornal, [&hellip;]<\/p>\n","protected":false},"author":3,"featured_media":5156,"comment_status":"open","ping_status":"open","sticky":false,"template":"","format":"standard","meta":{"footnotes":""},"categories":[16],"tags":[2176],"class_list":["post-5155","post","type-post","status-publish","format-standard","has-post-thumbnail","hentry","category-actualidade","tag-agt-promete-esclarecer-caso-de-suspensao-de-nif-das-empresas"],"blocksy_meta":[],"_links":{"self":[{"href":"https:\/\/www.radiomais.ao\/index.php\/wp-json\/wp\/v2\/posts\/5155","targetHints":{"allow":["GET"]}}],"collection":[{"href":"https:\/\/www.radiomais.ao\/index.php\/wp-json\/wp\/v2\/posts"}],"about":[{"href":"https:\/\/www.radiomais.ao\/index.php\/wp-json\/wp\/v2\/types\/post"}],"author":[{"embeddable":true,"href":"https:\/\/www.radiomais.ao\/index.php\/wp-json\/wp\/v2\/users\/3"}],"replies":[{"embeddable":true,"href":"https:\/\/www.radiomais.ao\/index.php\/wp-json\/wp\/v2\/comments?post=5155"}],"version-history":[{"count":3,"href":"https:\/\/www.radiomais.ao\/index.php\/wp-json\/wp\/v2\/posts\/5155\/revisions"}],"predecessor-version":[{"id":5159,"href":"https:\/\/www.radiomais.ao\/index.php\/wp-json\/wp\/v2\/posts\/5155\/revisions\/5159"}],"wp:featuredmedia":[{"embeddable":true,"href":"https:\/\/www.radiomais.ao\/index.php\/wp-json\/wp\/v2\/media\/5156"}],"wp:attachment":[{"href":"https:\/\/www.radiomais.ao\/index.php\/wp-json\/wp\/v2\/media?parent=5155"}],"wp:term":[{"taxonomy":"category","embeddable":true,"href":"https:\/\/www.radiomais.ao\/index.php\/wp-json\/wp\/v2\/categories?post=5155"},{"taxonomy":"post_tag","embeddable":true,"href":"https:\/\/www.radiomais.ao\/index.php\/wp-json\/wp\/v2\/tags?post=5155"}],"curies":[{"name":"wp","href":"https:\/\/api.w.org\/{rel}","templated":true}]}}