{"id":518,"date":"2025-06-24T12:35:32","date_gmt":"2025-06-24T11:35:32","guid":{"rendered":"https:\/\/www.radiomais.ao\/?p=518"},"modified":"2025-06-24T12:35:32","modified_gmt":"2025-06-24T11:35:32","slug":"agentes-da-policia-nacional-proibidos-de-usar-acessorios-extravagantes","status":"publish","type":"post","link":"https:\/\/www.radiomais.ao\/index.php\/2025\/06\/24\/agentes-da-policia-nacional-proibidos-de-usar-acessorios-extravagantes\/","title":{"rendered":"Agentes da Pol\u00edcia Nacional proibidos de usar acess\u00f3rios \u201cextravagantes\u201d."},"content":{"rendered":"\n<p>Com a aprova\u00e7\u00e3o do novo regime disciplinar na \u00faltima quinta-feira,19, pela Assembleia Nacional, os agentes da Pol\u00edcia Nacional est\u00e3o proibidos de usar acess\u00f3rios considerados \u201cextravagantes\u201d durante o exerc\u00edcio da actividade policial, com vista a refor\u00e7ar a dignidade e o prest\u00edgio da corpora\u00e7\u00e3o. Fonte <strong><em><a href=\"https:\/\/www.opais.ao\/politica\/agentes-da-policia-nacional-proibidos-de-usar-acessorios-extravagantes\/\">Opa\u00eds<\/a><\/em><\/strong><\/p>\n","protected":false},"excerpt":{"rendered":"<p>Com a aprova\u00e7\u00e3o do novo regime disciplinar na \u00faltima quinta-feira,19, pela Assembleia Nacional, os agentes da Pol\u00edcia Nacional est\u00e3o proibidos de usar acess\u00f3rios considerados \u201cextravagantes\u201d durante o exerc\u00edcio da actividade policial, com vista a refor\u00e7ar a dignidade e o prest\u00edgio da corpora\u00e7\u00e3o. Fonte Opa\u00eds<\/p>\n","protected":false},"author":3,"featured_media":519,"comment_status":"open","ping_status":"open","sticky":false,"template":"","format":"standard","meta":{"footnotes":""},"categories":[16],"tags":[28],"class_list":["post-518","post","type-post","status-publish","format-standard","has-post-thumbnail","hentry","category-actualidade","tag-agentes-da-policia-nacional-proibidos-de-usar-acessorios-extravagantes"],"blocksy_meta":[],"_links":{"self":[{"href":"https:\/\/www.radiomais.ao\/index.php\/wp-json\/wp\/v2\/posts\/518","targetHints":{"allow":["GET"]}}],"collection":[{"href":"https:\/\/www.radiomais.ao\/index.php\/wp-json\/wp\/v2\/posts"}],"about":[{"href":"https:\/\/www.radiomais.ao\/index.php\/wp-json\/wp\/v2\/types\/post"}],"author":[{"embeddable":true,"href":"https:\/\/www.radiomais.ao\/index.php\/wp-json\/wp\/v2\/users\/3"}],"replies":[{"embeddable":true,"href":"https:\/\/www.radiomais.ao\/index.php\/wp-json\/wp\/v2\/comments?post=518"}],"version-history":[{"count":1,"href":"https:\/\/www.radiomais.ao\/index.php\/wp-json\/wp\/v2\/posts\/518\/revisions"}],"predecessor-version":[{"id":520,"href":"https:\/\/www.radiomais.ao\/index.php\/wp-json\/wp\/v2\/posts\/518\/revisions\/520"}],"wp:featuredmedia":[{"embeddable":true,"href":"https:\/\/www.radiomais.ao\/index.php\/wp-json\/wp\/v2\/media\/519"}],"wp:attachment":[{"href":"https:\/\/www.radiomais.ao\/index.php\/wp-json\/wp\/v2\/media?parent=518"}],"wp:term":[{"taxonomy":"category","embeddable":true,"href":"https:\/\/www.radiomais.ao\/index.php\/wp-json\/wp\/v2\/categories?post=518"},{"taxonomy":"post_tag","embeddable":true,"href":"https:\/\/www.radiomais.ao\/index.php\/wp-json\/wp\/v2\/tags?post=518"}],"curies":[{"name":"wp","href":"https:\/\/api.w.org\/{rel}","templated":true}]}}