{"id":5185,"date":"2026-02-25T09:35:15","date_gmt":"2026-02-25T08:35:15","guid":{"rendered":"https:\/\/www.radiomais.ao\/?p=5185"},"modified":"2026-02-25T09:35:15","modified_gmt":"2026-02-25T08:35:15","slug":"bloco-democratico-nega-coligacao-formal-e-admite-contactos-exploratorios-para-2027","status":"publish","type":"post","link":"https:\/\/www.radiomais.ao\/index.php\/2026\/02\/25\/bloco-democratico-nega-coligacao-formal-e-admite-contactos-exploratorios-para-2027\/","title":{"rendered":"Bloco Democr\u00e1tico nega coliga\u00e7\u00e3o formal e admite contactos explorat\u00f3rios para 2027."},"content":{"rendered":"\n<p><strong>O secret\u00e1rio-geral do Bloco Democr\u00e1tico (BD), Mwata Sebasti\u00e3o, negou a exist\u00eancia de qualquer coliga\u00e7\u00e3o formal com o PRAJA Servir Angola ou com o Partido Liberal (PL), mas confirmou a realiza\u00e7\u00e3o de contactos explorat\u00f3rios com v\u00e1rias for\u00e7as pol\u00edticas, muitas das quais sa\u00eddas da CASACE, tendo em vista as elei\u00e7\u00f5es gerais de 2027<\/strong><\/p>\n\n\n\n<p>\u201cO Bloco n\u00e3o formou coliga\u00e7\u00e3o nenhuma. Nem com o PRA-JA, nem com o Partido Liberal, nem com os outros partidos\u201d, afirmou Mwata Sebasti\u00e3o, e esclareceu que as informa\u00e7\u00f5es postas a circular s\u00e3o falsas no que toca \u00e0 constitui\u00e7\u00e3o de uma nova plataforma pol\u00edtica.<\/p>\n\n\n\n<p>Segundo o secret\u00e1rio-geral do BD, o partido est\u00e1, entretanto, a auscultar diferentes for\u00e7as pol\u00edticas e organiza\u00e7\u00f5es c\u00edvicas por estar legalmente obrigado a concorrer em 2027 de forma aut\u00f3noma ou coligada, sob pena de extin\u00e7\u00e3o, uma vez que, em 2022, integrou a Frente Patri\u00f3tica Unida sem concorrer formalmente com lista pr\u00f3pria. Ler mais em <strong><em><a href=\"https:\/\/www.opais.ao\/politica\/bloco-democratico-nega-coligacao-formal-e-admite-contactos-exploratorios-para-2027\/\">Opa\u00eds<\/a><\/em><\/strong><\/p>\n","protected":false},"excerpt":{"rendered":"<p>O secret\u00e1rio-geral do Bloco Democr\u00e1tico (BD), Mwata Sebasti\u00e3o, negou a exist\u00eancia de qualquer coliga\u00e7\u00e3o formal com o PRAJA Servir Angola ou com o Partido Liberal (PL), mas confirmou a realiza\u00e7\u00e3o de contactos explorat\u00f3rios com v\u00e1rias for\u00e7as pol\u00edticas, muitas das quais sa\u00eddas da CASACE, tendo em vista as elei\u00e7\u00f5es gerais de 2027 \u201cO Bloco n\u00e3o formou [&hellip;]<\/p>\n","protected":false},"author":3,"featured_media":5186,"comment_status":"open","ping_status":"open","sticky":false,"template":"","format":"standard","meta":{"footnotes":""},"categories":[16],"tags":[2204],"class_list":["post-5185","post","type-post","status-publish","format-standard","has-post-thumbnail","hentry","category-actualidade","tag-bloco-democratico-nega-coligacao"],"blocksy_meta":[],"_links":{"self":[{"href":"https:\/\/www.radiomais.ao\/index.php\/wp-json\/wp\/v2\/posts\/5185","targetHints":{"allow":["GET"]}}],"collection":[{"href":"https:\/\/www.radiomais.ao\/index.php\/wp-json\/wp\/v2\/posts"}],"about":[{"href":"https:\/\/www.radiomais.ao\/index.php\/wp-json\/wp\/v2\/types\/post"}],"author":[{"embeddable":true,"href":"https:\/\/www.radiomais.ao\/index.php\/wp-json\/wp\/v2\/users\/3"}],"replies":[{"embeddable":true,"href":"https:\/\/www.radiomais.ao\/index.php\/wp-json\/wp\/v2\/comments?post=5185"}],"version-history":[{"count":1,"href":"https:\/\/www.radiomais.ao\/index.php\/wp-json\/wp\/v2\/posts\/5185\/revisions"}],"predecessor-version":[{"id":5187,"href":"https:\/\/www.radiomais.ao\/index.php\/wp-json\/wp\/v2\/posts\/5185\/revisions\/5187"}],"wp:featuredmedia":[{"embeddable":true,"href":"https:\/\/www.radiomais.ao\/index.php\/wp-json\/wp\/v2\/media\/5186"}],"wp:attachment":[{"href":"https:\/\/www.radiomais.ao\/index.php\/wp-json\/wp\/v2\/media?parent=5185"}],"wp:term":[{"taxonomy":"category","embeddable":true,"href":"https:\/\/www.radiomais.ao\/index.php\/wp-json\/wp\/v2\/categories?post=5185"},{"taxonomy":"post_tag","embeddable":true,"href":"https:\/\/www.radiomais.ao\/index.php\/wp-json\/wp\/v2\/tags?post=5185"}],"curies":[{"name":"wp","href":"https:\/\/api.w.org\/{rel}","templated":true}]}}