{"id":5188,"date":"2026-02-25T09:40:12","date_gmt":"2026-02-25T08:40:12","guid":{"rendered":"https:\/\/www.radiomais.ao\/?p=5188"},"modified":"2026-02-25T09:40:12","modified_gmt":"2026-02-25T08:40:12","slug":"unita-evita-comentar-sobre-alegada-divida-suspeita-atribuida-a-deputada-irina-ferreira-em-portugal","status":"publish","type":"post","link":"https:\/\/www.radiomais.ao\/index.php\/2026\/02\/25\/unita-evita-comentar-sobre-alegada-divida-suspeita-atribuida-a-deputada-irina-ferreira-em-portugal\/","title":{"rendered":"UNITA evita comentar sobre alegada d\u00edvida suspeita atribu\u00edda \u00e0 deputada Irina Ferreira em Portugal."},"content":{"rendered":"\n<p><strong>A presidente do Grupo Parlamentar da UNITA, Navita Ngolo, recusouse a falar sobre o suposto envolvimento da deputada Irina Diniz Ferreira numa d\u00edvida relacionada com a venda das Salinas da Tchiome, situadas na Ba\u00eda Farta, em Benguela \u2013 um neg\u00f3cio que foi alvo de uma investiga\u00e7\u00e3o por parte do Minist\u00e9rio P\u00fablico em Portugal \u2013, no \u00e2mbito do processo conhecido como \u201cOpera\u00e7\u00e3o Marqu\u00eas\u201d, em que \u00e9 arguido o antigo primeiro-ministro daquele pa\u00eds, Jos\u00e9 S\u00f3crates<\/strong><\/p>\n\n\n\n<p>Contactada  ,Navita Ngolo afirmou que o grupo de representantes do povo \u00e0 Assembleia Nacional que lidera, em que a arquitecta Irina Diniz Ferreira exerce o cargo de quarta secret\u00e1ria, desconhece o que se est\u00e1 a passar e que s\u00f3 a deputada em causa est\u00e1 em condi\u00e7\u00f5es de se pronunciar a respeito.<\/p>\n\n\n\n<p>J\u00e1 Francisco Falua, porta-voz da UNITA, manifestou a indisponibilidade para abordar o assunto neste momento, salientando que o seu partido est\u00e1 a acompanhar e a analisar, pelo que poder\u00e1 se pronunciar nos pr\u00f3ximos tempos. Em obedi\u00eancia ao princ\u00edpio do contradit\u00f3rio, o jornal contactou a tamb\u00e9m secret\u00e1ria provincial adjunta da UNITA em Luanda via telef\u00f3nica e atrav\u00e9s do seu e-mail oficial, enquanto parlamentar, irina.<\/p>\n\n\n\n<p>ferreira@parlamento.ao, e n\u00e3o obteve resposta. Casada sob o regime de separa\u00e7\u00e3o de adquiridos com o empres\u00e1rio Fernando dos Anjos Ferreira, Irina Ferreira era a titular de uma suposta d\u00edvida no valor de 500 mil d\u00f3lares (convertido em 431 mil euros e 64 c\u00eantimos), contra\u00edda ao empres\u00e1rio Jos\u00e9 Paulo Bernardo Pinto de Sousa, com o qual o seu esposo \u00e9 s\u00f3cio na empresa Salinas do Tchiome, Limitada, sedeada na prov\u00edncia de Benguela. Ler mais em <strong><em><a href=\"https:\/\/www.opais.ao\/politica\/unita-evita-comentar-sobre-alegada-divida-suspeita-atribuida-a-deputada-irina-ferreira-em-portugal\/\">Opa\u00eds<\/a><\/em><\/strong><\/p>\n","protected":false},"excerpt":{"rendered":"<p>A presidente do Grupo Parlamentar da UNITA, Navita Ngolo, recusouse a falar sobre o suposto envolvimento da deputada Irina Diniz Ferreira numa d\u00edvida relacionada com a venda das Salinas da Tchiome, situadas na Ba\u00eda Farta, em Benguela \u2013 um neg\u00f3cio que foi alvo de uma investiga\u00e7\u00e3o por parte do Minist\u00e9rio P\u00fablico em Portugal \u2013, no [&hellip;]<\/p>\n","protected":false},"author":3,"featured_media":5189,"comment_status":"open","ping_status":"open","sticky":false,"template":"","format":"standard","meta":{"footnotes":""},"categories":[16],"tags":[2206,2205],"class_list":["post-5188","post","type-post","status-publish","format-standard","has-post-thumbnail","hentry","category-actualidade","tag-divida-suspeita-atribuida-a-deputada-irina-ferreira-em-portugal","tag-unita-evita-comentarios"],"blocksy_meta":[],"_links":{"self":[{"href":"https:\/\/www.radiomais.ao\/index.php\/wp-json\/wp\/v2\/posts\/5188","targetHints":{"allow":["GET"]}}],"collection":[{"href":"https:\/\/www.radiomais.ao\/index.php\/wp-json\/wp\/v2\/posts"}],"about":[{"href":"https:\/\/www.radiomais.ao\/index.php\/wp-json\/wp\/v2\/types\/post"}],"author":[{"embeddable":true,"href":"https:\/\/www.radiomais.ao\/index.php\/wp-json\/wp\/v2\/users\/3"}],"replies":[{"embeddable":true,"href":"https:\/\/www.radiomais.ao\/index.php\/wp-json\/wp\/v2\/comments?post=5188"}],"version-history":[{"count":1,"href":"https:\/\/www.radiomais.ao\/index.php\/wp-json\/wp\/v2\/posts\/5188\/revisions"}],"predecessor-version":[{"id":5190,"href":"https:\/\/www.radiomais.ao\/index.php\/wp-json\/wp\/v2\/posts\/5188\/revisions\/5190"}],"wp:featuredmedia":[{"embeddable":true,"href":"https:\/\/www.radiomais.ao\/index.php\/wp-json\/wp\/v2\/media\/5189"}],"wp:attachment":[{"href":"https:\/\/www.radiomais.ao\/index.php\/wp-json\/wp\/v2\/media?parent=5188"}],"wp:term":[{"taxonomy":"category","embeddable":true,"href":"https:\/\/www.radiomais.ao\/index.php\/wp-json\/wp\/v2\/categories?post=5188"},{"taxonomy":"post_tag","embeddable":true,"href":"https:\/\/www.radiomais.ao\/index.php\/wp-json\/wp\/v2\/tags?post=5188"}],"curies":[{"name":"wp","href":"https:\/\/api.w.org\/{rel}","templated":true}]}}