{"id":5194,"date":"2026-02-25T10:39:12","date_gmt":"2026-02-25T09:39:12","guid":{"rendered":"https:\/\/www.radiomais.ao\/?p=5194"},"modified":"2026-02-25T10:39:12","modified_gmt":"2026-02-25T09:39:12","slug":"especialista-alerta-para-os-perigos-do-uso-de-canetas-emagrecedoras-sem-prescricao-medica","status":"publish","type":"post","link":"https:\/\/www.radiomais.ao\/index.php\/2026\/02\/25\/especialista-alerta-para-os-perigos-do-uso-de-canetas-emagrecedoras-sem-prescricao-medica\/","title":{"rendered":"Especialista alerta para os perigos do uso de canetas emagrecedoras sem prescri\u00e7\u00e3o m\u00e9dica."},"content":{"rendered":"\n<p>A m\u00e9dica anestesiologista e especialista em neuroci\u00eancia, Dra. Elisa Leonardo, lan\u00e7ou um alerta \u00e0 sociedade angolana sobre o uso indiscriminado de medicamentos inject\u00e1veis para perda de peso, conhecidos popularmente como \u201cMounjaro\u201d ou \u201ccanetas emagrecedoras\u201d<\/p>\n\n\n\n<p>Segundo a especialista, numa nota enviada , estes f\u00e1rmacos foram desenvolvidos exclusivamente para o tratamento da diabetes tipo 2 e da obesidade m\u00f3rbida, e n\u00e3o devem ser utilizados por motivos est\u00e9ticos ou sem acompanhamento m\u00e9dico.<\/p>\n\n\n\n<p>\u201cN\u00e3o estamos a falar de solu\u00e7\u00f5es m\u00e1gicas. Esses medicamentos alteram o metabolismo, a sensa\u00e7\u00e3o de fome e at\u00e9 o comportamento alimentar. O uso sem avalia\u00e7\u00e3o cl\u00ednica pode causar efeitos graves, como pancreatite, problemas na ves\u00edcula biliar e reac\u00e7\u00f5es al\u00e9rgicas potencialmente fatais. Cada organismo reage de forma diferente, e a automedica\u00e7\u00e3o \u00e9 extremamente perigosa\u201d, alertou.<\/p>\n\n\n\n<p>A especialista refor\u00e7ou ainda a import\u00e2ncia da responsabilidade individual e da reflex\u00e3o antes de iniciar qualquer tratamento, orientando que cada pessoa pergunte se est\u00e1 a tomar a decis\u00e3o pela sa\u00fade ou pelas tend\u00eancias e press\u00f5es sociais.<\/p>\n","protected":false},"excerpt":{"rendered":"<p>A m\u00e9dica anestesiologista e especialista em neuroci\u00eancia, Dra. Elisa Leonardo, lan\u00e7ou um alerta \u00e0 sociedade angolana sobre o uso indiscriminado de medicamentos inject\u00e1veis para perda de peso, conhecidos popularmente como \u201cMounjaro\u201d ou \u201ccanetas emagrecedoras\u201d Segundo a especialista, numa nota enviada , estes f\u00e1rmacos foram desenvolvidos exclusivamente para o tratamento da diabetes tipo 2 e da [&hellip;]<\/p>\n","protected":false},"author":3,"featured_media":5195,"comment_status":"open","ping_status":"open","sticky":false,"template":"","format":"standard","meta":{"footnotes":""},"categories":[16],"tags":[2208],"class_list":["post-5194","post","type-post","status-publish","format-standard","has-post-thumbnail","hentry","category-actualidade","tag-uso-de-canetas-emagrecedoras-sem-prescricao-medica"],"blocksy_meta":[],"_links":{"self":[{"href":"https:\/\/www.radiomais.ao\/index.php\/wp-json\/wp\/v2\/posts\/5194","targetHints":{"allow":["GET"]}}],"collection":[{"href":"https:\/\/www.radiomais.ao\/index.php\/wp-json\/wp\/v2\/posts"}],"about":[{"href":"https:\/\/www.radiomais.ao\/index.php\/wp-json\/wp\/v2\/types\/post"}],"author":[{"embeddable":true,"href":"https:\/\/www.radiomais.ao\/index.php\/wp-json\/wp\/v2\/users\/3"}],"replies":[{"embeddable":true,"href":"https:\/\/www.radiomais.ao\/index.php\/wp-json\/wp\/v2\/comments?post=5194"}],"version-history":[{"count":1,"href":"https:\/\/www.radiomais.ao\/index.php\/wp-json\/wp\/v2\/posts\/5194\/revisions"}],"predecessor-version":[{"id":5196,"href":"https:\/\/www.radiomais.ao\/index.php\/wp-json\/wp\/v2\/posts\/5194\/revisions\/5196"}],"wp:featuredmedia":[{"embeddable":true,"href":"https:\/\/www.radiomais.ao\/index.php\/wp-json\/wp\/v2\/media\/5195"}],"wp:attachment":[{"href":"https:\/\/www.radiomais.ao\/index.php\/wp-json\/wp\/v2\/media?parent=5194"}],"wp:term":[{"taxonomy":"category","embeddable":true,"href":"https:\/\/www.radiomais.ao\/index.php\/wp-json\/wp\/v2\/categories?post=5194"},{"taxonomy":"post_tag","embeddable":true,"href":"https:\/\/www.radiomais.ao\/index.php\/wp-json\/wp\/v2\/tags?post=5194"}],"curies":[{"name":"wp","href":"https:\/\/api.w.org\/{rel}","templated":true}]}}