{"id":521,"date":"2025-06-24T12:38:56","date_gmt":"2025-06-24T11:38:56","guid":{"rendered":"https:\/\/www.radiomais.ao\/?p=521"},"modified":"2025-06-24T12:38:56","modified_gmt":"2025-06-24T11:38:56","slug":"carolina-cerqueira-participa-da-festa-dos-50-anos-de-independencia-de-mocambique","status":"publish","type":"post","link":"https:\/\/www.radiomais.ao\/index.php\/2025\/06\/24\/carolina-cerqueira-participa-da-festa-dos-50-anos-de-independencia-de-mocambique\/","title":{"rendered":"Carolina Cerqueira participa da festa dos 50 anos de Independ\u00eancia de Mo\u00e7ambique."},"content":{"rendered":"\n<p>Em representa\u00e7\u00e3o do Chefe de Estado angolano, Jo\u00e3o Louren\u00e7o, que se encontra na qualidade de anfitri\u00e3o da Cimeira EUA-\u00c1frica, a decorrer at\u00e9 quarta-feira, em Luanda, a Presidente da Assembleia Nacional, Carolina Cerqueira, vai desembarcar hoje na cidade de Maputo, a fim de participar das festividades do meio s\u00e9culo de Independ\u00eancia daquele pa\u00eds do \u00cdndico. Fonte <strong><em><a href=\"https:\/\/www.opais.ao\/politica\/carolina-cerqueira-participa-da-festa-dos-50-anos-de-independencia-de-mocambique\/\">Opa\u00eds<\/a><\/em><\/strong><\/p>\n","protected":false},"excerpt":{"rendered":"<p>Em representa\u00e7\u00e3o do Chefe de Estado angolano, Jo\u00e3o Louren\u00e7o, que se encontra na qualidade de anfitri\u00e3o da Cimeira EUA-\u00c1frica, a decorrer at\u00e9 quarta-feira, em Luanda, a Presidente da Assembleia Nacional, Carolina Cerqueira, vai desembarcar hoje na cidade de Maputo, a fim de participar das festividades do meio s\u00e9culo de Independ\u00eancia daquele pa\u00eds do \u00cdndico. Fonte [&hellip;]<\/p>\n","protected":false},"author":3,"featured_media":522,"comment_status":"open","ping_status":"open","sticky":false,"template":"","format":"standard","meta":{"footnotes":""},"categories":[16],"tags":[29],"class_list":["post-521","post","type-post","status-publish","format-standard","has-post-thumbnail","hentry","category-actualidade","tag-carolina-cerqueira-participa-da-festa-dos-50-anos-de-independencia-de-mocambique"],"blocksy_meta":[],"_links":{"self":[{"href":"https:\/\/www.radiomais.ao\/index.php\/wp-json\/wp\/v2\/posts\/521","targetHints":{"allow":["GET"]}}],"collection":[{"href":"https:\/\/www.radiomais.ao\/index.php\/wp-json\/wp\/v2\/posts"}],"about":[{"href":"https:\/\/www.radiomais.ao\/index.php\/wp-json\/wp\/v2\/types\/post"}],"author":[{"embeddable":true,"href":"https:\/\/www.radiomais.ao\/index.php\/wp-json\/wp\/v2\/users\/3"}],"replies":[{"embeddable":true,"href":"https:\/\/www.radiomais.ao\/index.php\/wp-json\/wp\/v2\/comments?post=521"}],"version-history":[{"count":1,"href":"https:\/\/www.radiomais.ao\/index.php\/wp-json\/wp\/v2\/posts\/521\/revisions"}],"predecessor-version":[{"id":523,"href":"https:\/\/www.radiomais.ao\/index.php\/wp-json\/wp\/v2\/posts\/521\/revisions\/523"}],"wp:featuredmedia":[{"embeddable":true,"href":"https:\/\/www.radiomais.ao\/index.php\/wp-json\/wp\/v2\/media\/522"}],"wp:attachment":[{"href":"https:\/\/www.radiomais.ao\/index.php\/wp-json\/wp\/v2\/media?parent=521"}],"wp:term":[{"taxonomy":"category","embeddable":true,"href":"https:\/\/www.radiomais.ao\/index.php\/wp-json\/wp\/v2\/categories?post=521"},{"taxonomy":"post_tag","embeddable":true,"href":"https:\/\/www.radiomais.ao\/index.php\/wp-json\/wp\/v2\/tags?post=521"}],"curies":[{"name":"wp","href":"https:\/\/api.w.org\/{rel}","templated":true}]}}