{"id":5217,"date":"2026-02-26T09:47:17","date_gmt":"2026-02-26T08:47:17","guid":{"rendered":"https:\/\/www.radiomais.ao\/?p=5217"},"modified":"2026-02-26T09:47:17","modified_gmt":"2026-02-26T08:47:17","slug":"distinguidos-efectivos-da-policia-nacional-no-jubileu-dos-50-anos-da-corporacao","status":"publish","type":"post","link":"https:\/\/www.radiomais.ao\/index.php\/2026\/02\/26\/distinguidos-efectivos-da-policia-nacional-no-jubileu-dos-50-anos-da-corporacao\/","title":{"rendered":"Distinguidos efectivos da Pol\u00edcia Nacional no jubileu dos 50 anos da corpora\u00e7\u00e3o."},"content":{"rendered":"\n<p><strong>O Presidente da Rep\u00fablica, Jo\u00e3o Louren\u00e7o, presidiu, ontem, \u00e0 cerim\u00f3nia de condecora\u00e7\u00e3o de mais de 200 efectivos da Pol\u00edcia Nacional de Angola, no \u00e2mbito das celebra\u00e7\u00f5es dos 50 anos da corpora\u00e7\u00e3o, a assinalar-se no pr\u00f3ximo S\u00e1bado, 28. Os agraciados receberam a Medalha de Valor do Servi\u00e7o Policial, Classe \u00danica, distin\u00e7\u00e3o atribu\u00edda ao abrigo da Lei n.\u00ba 9\/25, de 16 de Setembro \u2013 Lei das Condecora\u00e7\u00f5es e Distin\u00e7\u00f5es da Pol\u00edcia Nacional de Angola<\/strong>.<\/p>\n\n\n\n<p>Entre os condecorados figuram antigos comandantes-gerais, oficiais superiores e quadros que marcaram a traject\u00f3ria institucional da corpora\u00e7\u00e3o ao longo de cinco d\u00e9cadas; nomeadamente os generais Santana Andr\u00e9 Pitra \u201cPetroff\u201d e Jo\u00e3o Arnaldo Saraiva de Carvalho \u201cTetembwa\u201d, os comiss\u00e1rios-gerais Armindo do Esp\u00edrito Santo Vieira, Ambr\u00f3sio de Lemos e Jos\u00e9 Alfredo Chingongo \u201cEkuikui\u201d, bem como o antigo ministro do Interior, Sebasti\u00e3o Martins, e os antigos comandantes-gerais Paulo de Almeida e Arnaldo Manuel Carlos.<\/p>\n\n\n\n<p>Na ocasi\u00e3o, o ministro do Interior, Manuel Homem, classificou a iniciativa Presidencial como estrat\u00e9gica e vision\u00e1ria, por traduzir o reconhecimento formal do Estado ao papel estruturante da corpora\u00e7\u00e3o na defesa da legalidade democr\u00e1tica, na preserva\u00e7\u00e3o da ordem interna e na protec\u00e7\u00e3o dos cidad\u00e3os e dos bens. Segundo o ministro, o acto inaugura um ciclo de reconhecimento \u201cformal, estruturado e transparente\u201d, consolidando, assim, a cultura de m\u00e9rito e valoriza\u00e7\u00e3o do desempenho exemplar no seio da Pol\u00edcia. Ler mais em <strong><em><a href=\"https:\/\/www.opais.ao\/politica\/distinguidos-efectivos-da-policia-nacional-no-jubileu-dos-50-anos-da-corporacao\/\">Opa\u00eds<\/a><\/em><\/strong><\/p>\n\n\n\n<p><\/p>\n","protected":false},"excerpt":{"rendered":"<p>O Presidente da Rep\u00fablica, Jo\u00e3o Louren\u00e7o, presidiu, ontem, \u00e0 cerim\u00f3nia de condecora\u00e7\u00e3o de mais de 200 efectivos da Pol\u00edcia Nacional de Angola, no \u00e2mbito das celebra\u00e7\u00f5es dos 50 anos da corpora\u00e7\u00e3o, a assinalar-se no pr\u00f3ximo S\u00e1bado, 28. Os agraciados receberam a Medalha de Valor do Servi\u00e7o Policial, Classe \u00danica, distin\u00e7\u00e3o atribu\u00edda ao abrigo da Lei [&hellip;]<\/p>\n","protected":false},"author":3,"featured_media":5218,"comment_status":"open","ping_status":"open","sticky":false,"template":"","format":"standard","meta":{"footnotes":""},"categories":[16],"tags":[2215],"class_list":["post-5217","post","type-post","status-publish","format-standard","has-post-thumbnail","hentry","category-actualidade","tag-distinguidos-efectivos-da-policia-nacional"],"blocksy_meta":[],"_links":{"self":[{"href":"https:\/\/www.radiomais.ao\/index.php\/wp-json\/wp\/v2\/posts\/5217","targetHints":{"allow":["GET"]}}],"collection":[{"href":"https:\/\/www.radiomais.ao\/index.php\/wp-json\/wp\/v2\/posts"}],"about":[{"href":"https:\/\/www.radiomais.ao\/index.php\/wp-json\/wp\/v2\/types\/post"}],"author":[{"embeddable":true,"href":"https:\/\/www.radiomais.ao\/index.php\/wp-json\/wp\/v2\/users\/3"}],"replies":[{"embeddable":true,"href":"https:\/\/www.radiomais.ao\/index.php\/wp-json\/wp\/v2\/comments?post=5217"}],"version-history":[{"count":1,"href":"https:\/\/www.radiomais.ao\/index.php\/wp-json\/wp\/v2\/posts\/5217\/revisions"}],"predecessor-version":[{"id":5219,"href":"https:\/\/www.radiomais.ao\/index.php\/wp-json\/wp\/v2\/posts\/5217\/revisions\/5219"}],"wp:featuredmedia":[{"embeddable":true,"href":"https:\/\/www.radiomais.ao\/index.php\/wp-json\/wp\/v2\/media\/5218"}],"wp:attachment":[{"href":"https:\/\/www.radiomais.ao\/index.php\/wp-json\/wp\/v2\/media?parent=5217"}],"wp:term":[{"taxonomy":"category","embeddable":true,"href":"https:\/\/www.radiomais.ao\/index.php\/wp-json\/wp\/v2\/categories?post=5217"},{"taxonomy":"post_tag","embeddable":true,"href":"https:\/\/www.radiomais.ao\/index.php\/wp-json\/wp\/v2\/tags?post=5217"}],"curies":[{"name":"wp","href":"https:\/\/api.w.org\/{rel}","templated":true}]}}