{"id":5220,"date":"2026-02-26T09:50:22","date_gmt":"2026-02-26T08:50:22","guid":{"rendered":"https:\/\/www.radiomais.ao\/?p=5220"},"modified":"2026-02-26T09:50:22","modified_gmt":"2026-02-26T08:50:22","slug":"mais-de-27-mil-quadros-formados-pela-enapp-em-2025","status":"publish","type":"post","link":"https:\/\/www.radiomais.ao\/index.php\/2026\/02\/26\/mais-de-27-mil-quadros-formados-pela-enapp-em-2025\/","title":{"rendered":"Mais de 27 mil quadros formados pela ENAPP em 2025."},"content":{"rendered":"\n<p>Um total de 27.707 quadros que actuam na administra\u00e7\u00e3o p\u00fablica, bem como no sector empresarial p\u00fablico e privado, foram formados de Janeiro a Dezembro de 2025 pela Escola Nacional de Administra\u00e7\u00e3o e Pol\u00edticas P\u00fablicas ( ENAPP).<\/p>\n\n\n\n<p>Os dados foram avan\u00e7ados, esta ter\u00e7a-feira, em Saurimo, prov\u00edncia da Lunda Sul, pela ministra da Administra\u00e7\u00e3o P\u00fablica, Trabalho e Seguran\u00e7a Social (MAPTSS), Teresa Rodrigues Dias.<\/p>\n\n\n\n<p>A governante, que discursava na abertura do Ano Formativo de 2026 da ENAPP, disse que, no decorrer do per\u00edodo compreendido de Janeiro a Dezembro de 2025, a ENAPP, dando cumprimento ao Plano de Desenvolvimento Nacional (PDN) 2023-2027, deveria alcan\u00e7ar a cifra de 20.000 formados. Por\u00e9m, esta meta foi ultrapassada, tendo sido formados um total de 27.707 quadros.<\/p>\n\n\n\n<p>\u201cPara o presente ano, o PDN acima referido, estabelece para a ENAPP uma meta de formar 20.000 (Vinte Mil) quadros, pelo que, devemos todos trabalhar de forma articulada para alcan\u00e7ar este desiderato, que sendo bastante ambicioso, n\u00e3o se revela imposs\u00edvel ou inating\u00edvel\u201d, destacou.<\/p>\n\n\n\n<p><strong>85 mil quadros formados entre 2022\/2025<\/strong>. Ler mais em<strong><em><a href=\"https:\/\/www.opais.ao\/politica\/mais-de-27-mil-quadros-formados-pela-enapp-em-2025\/\"> Opa\u00eds<\/a><\/em><\/strong><\/p>\n","protected":false},"excerpt":{"rendered":"<p>Um total de 27.707 quadros que actuam na administra\u00e7\u00e3o p\u00fablica, bem como no sector empresarial p\u00fablico e privado, foram formados de Janeiro a Dezembro de 2025 pela Escola Nacional de Administra\u00e7\u00e3o e Pol\u00edticas P\u00fablicas ( ENAPP). Os dados foram avan\u00e7ados, esta ter\u00e7a-feira, em Saurimo, prov\u00edncia da Lunda Sul, pela ministra da Administra\u00e7\u00e3o P\u00fablica, Trabalho e [&hellip;]<\/p>\n","protected":false},"author":3,"featured_media":5221,"comment_status":"open","ping_status":"open","sticky":false,"template":"","format":"standard","meta":{"footnotes":""},"categories":[16],"tags":[2216],"class_list":["post-5220","post","type-post","status-publish","format-standard","has-post-thumbnail","hentry","category-actualidade","tag-mais-de-27-mil-quadros-formados-pela-enapp-em-2025"],"blocksy_meta":[],"_links":{"self":[{"href":"https:\/\/www.radiomais.ao\/index.php\/wp-json\/wp\/v2\/posts\/5220","targetHints":{"allow":["GET"]}}],"collection":[{"href":"https:\/\/www.radiomais.ao\/index.php\/wp-json\/wp\/v2\/posts"}],"about":[{"href":"https:\/\/www.radiomais.ao\/index.php\/wp-json\/wp\/v2\/types\/post"}],"author":[{"embeddable":true,"href":"https:\/\/www.radiomais.ao\/index.php\/wp-json\/wp\/v2\/users\/3"}],"replies":[{"embeddable":true,"href":"https:\/\/www.radiomais.ao\/index.php\/wp-json\/wp\/v2\/comments?post=5220"}],"version-history":[{"count":1,"href":"https:\/\/www.radiomais.ao\/index.php\/wp-json\/wp\/v2\/posts\/5220\/revisions"}],"predecessor-version":[{"id":5222,"href":"https:\/\/www.radiomais.ao\/index.php\/wp-json\/wp\/v2\/posts\/5220\/revisions\/5222"}],"wp:featuredmedia":[{"embeddable":true,"href":"https:\/\/www.radiomais.ao\/index.php\/wp-json\/wp\/v2\/media\/5221"}],"wp:attachment":[{"href":"https:\/\/www.radiomais.ao\/index.php\/wp-json\/wp\/v2\/media?parent=5220"}],"wp:term":[{"taxonomy":"category","embeddable":true,"href":"https:\/\/www.radiomais.ao\/index.php\/wp-json\/wp\/v2\/categories?post=5220"},{"taxonomy":"post_tag","embeddable":true,"href":"https:\/\/www.radiomais.ao\/index.php\/wp-json\/wp\/v2\/tags?post=5220"}],"curies":[{"name":"wp","href":"https:\/\/api.w.org\/{rel}","templated":true}]}}