{"id":5223,"date":"2026-02-26T09:53:31","date_gmt":"2026-02-26T08:53:31","guid":{"rendered":"https:\/\/www.radiomais.ao\/?p=5223"},"modified":"2026-02-26T09:53:31","modified_gmt":"2026-02-26T08:53:31","slug":"angola-reitera-preocupacao-com-inseguranca-alimentar-em-africa","status":"publish","type":"post","link":"https:\/\/www.radiomais.ao\/index.php\/2026\/02\/26\/angola-reitera-preocupacao-com-inseguranca-alimentar-em-africa\/","title":{"rendered":"Angola reitera preocupa\u00e7\u00e3o com inseguran\u00e7a alimentar em \u00c1frica."},"content":{"rendered":"\n<p>A preocupa\u00e7\u00e3o do pa\u00eds com a inseguran\u00e7a alimentar em \u00c1frica foi reiterada, hoje, pela embaixadora de Angola em It\u00e1lia, Josefa Sacko, durante a primeira sess\u00e3o ordin\u00e1ria do Conselho Executivo do Programa Alimentar Mundial (PAM).<\/p>\n\n\n\n<p>No certame, a diplomata avaliou o relat\u00f3rio anual da organiza\u00e7\u00e3o e a situa\u00e7\u00e3o de crise da seguran\u00e7a alimentar do panorama global, informa uma nota enviada ao JA Online.<\/p>\n\n\n\n<p>Josefa Sacko apontou sobretudo os conflitos no leste da Rep\u00fablica Democr\u00e1tica do Congo (RDC), Sud\u00e3o e Som\u00e1lia como aqueles que causam deslocamentos e press\u00f5es relacionadas ao clima e que agravam a inseguran\u00e7a alimentar e restringem o acesso humanit\u00e1rio.<\/p>\n\n\n\n<p>A embaixadora de Angola em It\u00e1lia refor\u00e7ou, tamb\u00e9m, que o mundo continua a enfrentar uma converg\u00eancia de crises, de conflitos prolongados, de fragilidade econ\u00f3mica, de choques clim\u00e1ticos e situa\u00e7\u00f5es que est\u00e3o afectar as necessidades humanit\u00e1rias a n\u00edveis sem precedentes.<\/p>\n\n\n\n<p>Apreciou, igualmente, o compromisso inabal\u00e1vel do PAM em prestar assist\u00eancia que salva vidas, ao mesmo tempo que investe em vias de resili\u00eancia e recupera\u00e7\u00e3o. Ler mais em <strong><em><a href=\"https:\/\/www.opais.ao\/politica\/angola-reitera-preocupacao-com-inseguranca-alimentar-em-africa\/\">Opa\u00eds<\/a><\/em><\/strong><\/p>\n","protected":false},"excerpt":{"rendered":"<p>A preocupa\u00e7\u00e3o do pa\u00eds com a inseguran\u00e7a alimentar em \u00c1frica foi reiterada, hoje, pela embaixadora de Angola em It\u00e1lia, Josefa Sacko, durante a primeira sess\u00e3o ordin\u00e1ria do Conselho Executivo do Programa Alimentar Mundial (PAM). No certame, a diplomata avaliou o relat\u00f3rio anual da organiza\u00e7\u00e3o e a situa\u00e7\u00e3o de crise da seguran\u00e7a alimentar do panorama global, [&hellip;]<\/p>\n","protected":false},"author":3,"featured_media":5224,"comment_status":"open","ping_status":"open","sticky":false,"template":"","format":"standard","meta":{"footnotes":""},"categories":[16],"tags":[2217],"class_list":["post-5223","post","type-post","status-publish","format-standard","has-post-thumbnail","hentry","category-actualidade","tag-angola-reitera-preocupacao-com-inseguranca-alimentar-em-africa"],"blocksy_meta":[],"_links":{"self":[{"href":"https:\/\/www.radiomais.ao\/index.php\/wp-json\/wp\/v2\/posts\/5223","targetHints":{"allow":["GET"]}}],"collection":[{"href":"https:\/\/www.radiomais.ao\/index.php\/wp-json\/wp\/v2\/posts"}],"about":[{"href":"https:\/\/www.radiomais.ao\/index.php\/wp-json\/wp\/v2\/types\/post"}],"author":[{"embeddable":true,"href":"https:\/\/www.radiomais.ao\/index.php\/wp-json\/wp\/v2\/users\/3"}],"replies":[{"embeddable":true,"href":"https:\/\/www.radiomais.ao\/index.php\/wp-json\/wp\/v2\/comments?post=5223"}],"version-history":[{"count":1,"href":"https:\/\/www.radiomais.ao\/index.php\/wp-json\/wp\/v2\/posts\/5223\/revisions"}],"predecessor-version":[{"id":5225,"href":"https:\/\/www.radiomais.ao\/index.php\/wp-json\/wp\/v2\/posts\/5223\/revisions\/5225"}],"wp:featuredmedia":[{"embeddable":true,"href":"https:\/\/www.radiomais.ao\/index.php\/wp-json\/wp\/v2\/media\/5224"}],"wp:attachment":[{"href":"https:\/\/www.radiomais.ao\/index.php\/wp-json\/wp\/v2\/media?parent=5223"}],"wp:term":[{"taxonomy":"category","embeddable":true,"href":"https:\/\/www.radiomais.ao\/index.php\/wp-json\/wp\/v2\/categories?post=5223"},{"taxonomy":"post_tag","embeddable":true,"href":"https:\/\/www.radiomais.ao\/index.php\/wp-json\/wp\/v2\/tags?post=5223"}],"curies":[{"name":"wp","href":"https:\/\/api.w.org\/{rel}","templated":true}]}}