{"id":5229,"date":"2026-02-26T10:01:17","date_gmt":"2026-02-26T09:01:17","guid":{"rendered":"https:\/\/www.radiomais.ao\/?p=5229"},"modified":"2026-02-26T10:01:17","modified_gmt":"2026-02-26T09:01:17","slug":"grupo-anseba-assina-contrato-para-reabertura-da-loja-kero-gika-no-luanda-shopping","status":"publish","type":"post","link":"https:\/\/www.radiomais.ao\/index.php\/2026\/02\/26\/grupo-anseba-assina-contrato-para-reabertura-da-loja-kero-gika-no-luanda-shopping\/","title":{"rendered":"Grupo Anseba assina contrato para reabertura da loja Kero Gika no Luanda Shopping."},"content":{"rendered":"\n<p><strong>Luanda, Angola<\/strong>\u00a0\u2013 O Grupo Anseba assinou um acordo estrat\u00e9gico com a Shopping Gest para a reabertura da emblem\u00e1tica loja Kero Gika, localizada no centro da Luanda. Esta decis\u00e3o representa um passo firme no refor\u00e7o da presen\u00e7a da marca Kero no centro da cidade de Luanda e consolida o compromisso do Grupo com o crescimento sustentado do retalho moderno em Angola. A reactiva\u00e7\u00e3o da loja Kero Gika permitir\u00e1 ampliar a cobertura geogr\u00e1fica da marca numa das zonas mais estrat\u00e9gicas da cidade, garantindo maior proximidade, conveni\u00eancia e acessibilidade para as fam\u00edlias Angolanas.<\/p>\n\n\n\n<p><strong>Refor\u00e7o da oferta e da experi\u00eancia de compra<\/strong><\/p>\n\n\n\n<p>A loja, que ter\u00e1 6000m2, ser\u00e1 reaberta com um conceito renovado, mantendo o posicionamento do Kero como hipermercado com a gama mais vasta no mercado, com foco numa oferta adequada \u00e0s necessidades do cliente.<\/p>\n\n\n\n<p>Com uma forte aposta nas sec\u00e7\u00f5es de frescos, garantindo padr\u00f5es rigorosos de selec\u00e7\u00e3o e conserva\u00e7\u00e3o, al\u00e9m de uma vasta gama abrangendo as categorias de mercearia, garrafeira, pet care, mobiliario, tecnologia, al\u00e9m da maior gama da marca Continente em Angola, a localiza\u00e7\u00e3o estrat\u00e9gica da loja Gika, no centro urbano, permitir\u00e1 responder de forma eficaz \u00e0s necessidades di\u00e1rias de consumidores que procuram rapidez, confian\u00e7a e diversidade e pre\u00e7os competitivos num \u00fanico espa\u00e7o. A reabertura do Kero Gika ir\u00e1 ainda garantir a cria\u00e7\u00e3o de mais de 300 postos de trabalho directos e indirectos, assegurando uma elevada qualidade de atendimento.<\/p>\n\n\n\n<p><strong>Compromisso com o crescimento da marca Kero<\/strong><\/p>\n\n\n\n<p>O Grupo Anseba reafirma, com a assinatura deste contrato, o seu compromisso com o desenvolvimento e valoriza\u00e7\u00e3o da marca Kero, apostando numa estrat\u00e9gia de crescimento sustent\u00e1vel, moderniza\u00e7\u00e3o de infra-estruturas e melhoria cont\u00ednua da experi\u00eancia do cliente. Ler mais em<strong><em><a href=\"https:\/\/www.opais.ao\/economia\/grupo-anseba-assina-contrato-para-reabertura-da-loja-kero-gika-no-luanda-shopping\/\"> Opa\u00eds<\/a><\/em><\/strong><\/p>\n","protected":false},"excerpt":{"rendered":"<p>Luanda, Angola\u00a0\u2013 O Grupo Anseba assinou um acordo estrat\u00e9gico com a Shopping Gest para a reabertura da emblem\u00e1tica loja Kero Gika, localizada no centro da Luanda. Esta decis\u00e3o representa um passo firme no refor\u00e7o da presen\u00e7a da marca Kero no centro da cidade de Luanda e consolida o compromisso do Grupo com o crescimento sustentado [&hellip;]<\/p>\n","protected":false},"author":3,"featured_media":5230,"comment_status":"open","ping_status":"open","sticky":false,"template":"","format":"standard","meta":{"footnotes":""},"categories":[16],"tags":[2219],"class_list":["post-5229","post","type-post","status-publish","format-standard","has-post-thumbnail","hentry","category-actualidade","tag-grupo-anseba-assina-contrato-para-reabertura-da-loja-kero-gika-no-luanda-shopping"],"blocksy_meta":[],"_links":{"self":[{"href":"https:\/\/www.radiomais.ao\/index.php\/wp-json\/wp\/v2\/posts\/5229","targetHints":{"allow":["GET"]}}],"collection":[{"href":"https:\/\/www.radiomais.ao\/index.php\/wp-json\/wp\/v2\/posts"}],"about":[{"href":"https:\/\/www.radiomais.ao\/index.php\/wp-json\/wp\/v2\/types\/post"}],"author":[{"embeddable":true,"href":"https:\/\/www.radiomais.ao\/index.php\/wp-json\/wp\/v2\/users\/3"}],"replies":[{"embeddable":true,"href":"https:\/\/www.radiomais.ao\/index.php\/wp-json\/wp\/v2\/comments?post=5229"}],"version-history":[{"count":1,"href":"https:\/\/www.radiomais.ao\/index.php\/wp-json\/wp\/v2\/posts\/5229\/revisions"}],"predecessor-version":[{"id":5231,"href":"https:\/\/www.radiomais.ao\/index.php\/wp-json\/wp\/v2\/posts\/5229\/revisions\/5231"}],"wp:featuredmedia":[{"embeddable":true,"href":"https:\/\/www.radiomais.ao\/index.php\/wp-json\/wp\/v2\/media\/5230"}],"wp:attachment":[{"href":"https:\/\/www.radiomais.ao\/index.php\/wp-json\/wp\/v2\/media?parent=5229"}],"wp:term":[{"taxonomy":"category","embeddable":true,"href":"https:\/\/www.radiomais.ao\/index.php\/wp-json\/wp\/v2\/categories?post=5229"},{"taxonomy":"post_tag","embeddable":true,"href":"https:\/\/www.radiomais.ao\/index.php\/wp-json\/wp\/v2\/tags?post=5229"}],"curies":[{"name":"wp","href":"https:\/\/api.w.org\/{rel}","templated":true}]}}