{"id":5232,"date":"2026-02-26T10:50:25","date_gmt":"2026-02-26T09:50:25","guid":{"rendered":"https:\/\/www.radiomais.ao\/?p=5232"},"modified":"2026-02-26T10:50:25","modified_gmt":"2026-02-26T09:50:25","slug":"porto-do-lobito-promove-workshop-estrategico-sobre-etica-e-combate-a-corrupcao","status":"publish","type":"post","link":"https:\/\/www.radiomais.ao\/index.php\/2026\/02\/26\/porto-do-lobito-promove-workshop-estrategico-sobre-etica-e-combate-a-corrupcao\/","title":{"rendered":"Porto do Lobito promove workshop estrat\u00e9gico sobre \u00e9tica e combate \u00e0 corrup\u00e7\u00e3o."},"content":{"rendered":"\n<p>O Porto do Lobito promoveu, nesta Quarta-feira, 25, um workshop estrat\u00e9gico dedicado \u00e0 \u00e9tica, governa\u00e7\u00e3o e transforma\u00e7\u00e3o digital, uma iniciativa enquadrada nas celebra\u00e7\u00f5es do Dia Internacional da \u00c9tica, assinalado a 23 de Fevereiro.<\/p>\n\n\n\n<p>O evento, que reuniu especialistas e representantes de diversos sectores, foi organizado pelo Comit\u00e9 de \u00c9tica da institui\u00e7\u00e3o.<\/p>\n\n\n\n<p>O certame, segundo uma nota enviada ao Jornal OPA\u00cdS, centrou-se nos desafios que a moderniza\u00e7\u00e3o tecnol\u00f3gica imp\u00f5e \u00e0 administra\u00e7\u00e3o p\u00fablica e \u00e0s organiza\u00e7\u00f5es, destacando a necessidade de fortalecer mecanismos de compliance e consolidar uma cultura de responsabilidade institucional.<\/p>\n\n\n\n<p>Na abertura dos trabalhos, a presidente do Comit\u00e9 de \u00c9tica, Ana Quinene Filipe, defendeu que a \u00e9tica deve traduzir-se em pr\u00e1ticas concretas no quotidiano das institui\u00e7\u00f5es. Ler mais em<a href=\"https:\/\/www.opais.ao\/ultimas_hora\/porto-do-lobito-promove-workshop-estrategico-sobre-etica-e-combate-a-corrupcao\/\"><strong><em> Opa\u00eds<\/em><\/strong><\/a><\/p>\n\n\n\n<p><\/p>\n","protected":false},"excerpt":{"rendered":"<p>O Porto do Lobito promoveu, nesta Quarta-feira, 25, um workshop estrat\u00e9gico dedicado \u00e0 \u00e9tica, governa\u00e7\u00e3o e transforma\u00e7\u00e3o digital, uma iniciativa enquadrada nas celebra\u00e7\u00f5es do Dia Internacional da \u00c9tica, assinalado a 23 de Fevereiro. O evento, que reuniu especialistas e representantes de diversos sectores, foi organizado pelo Comit\u00e9 de \u00c9tica da institui\u00e7\u00e3o. O certame, segundo uma [&hellip;]<\/p>\n","protected":false},"author":3,"featured_media":5233,"comment_status":"open","ping_status":"open","sticky":false,"template":"","format":"standard","meta":{"footnotes":""},"categories":[16],"tags":[2220],"class_list":["post-5232","post","type-post","status-publish","format-standard","has-post-thumbnail","hentry","category-actualidade","tag-porto-do-lobito-promove-workshop-estrategico"],"blocksy_meta":[],"_links":{"self":[{"href":"https:\/\/www.radiomais.ao\/index.php\/wp-json\/wp\/v2\/posts\/5232","targetHints":{"allow":["GET"]}}],"collection":[{"href":"https:\/\/www.radiomais.ao\/index.php\/wp-json\/wp\/v2\/posts"}],"about":[{"href":"https:\/\/www.radiomais.ao\/index.php\/wp-json\/wp\/v2\/types\/post"}],"author":[{"embeddable":true,"href":"https:\/\/www.radiomais.ao\/index.php\/wp-json\/wp\/v2\/users\/3"}],"replies":[{"embeddable":true,"href":"https:\/\/www.radiomais.ao\/index.php\/wp-json\/wp\/v2\/comments?post=5232"}],"version-history":[{"count":1,"href":"https:\/\/www.radiomais.ao\/index.php\/wp-json\/wp\/v2\/posts\/5232\/revisions"}],"predecessor-version":[{"id":5234,"href":"https:\/\/www.radiomais.ao\/index.php\/wp-json\/wp\/v2\/posts\/5232\/revisions\/5234"}],"wp:featuredmedia":[{"embeddable":true,"href":"https:\/\/www.radiomais.ao\/index.php\/wp-json\/wp\/v2\/media\/5233"}],"wp:attachment":[{"href":"https:\/\/www.radiomais.ao\/index.php\/wp-json\/wp\/v2\/media?parent=5232"}],"wp:term":[{"taxonomy":"category","embeddable":true,"href":"https:\/\/www.radiomais.ao\/index.php\/wp-json\/wp\/v2\/categories?post=5232"},{"taxonomy":"post_tag","embeddable":true,"href":"https:\/\/www.radiomais.ao\/index.php\/wp-json\/wp\/v2\/tags?post=5232"}],"curies":[{"name":"wp","href":"https:\/\/api.w.org\/{rel}","templated":true}]}}