{"id":524,"date":"2025-06-24T12:43:27","date_gmt":"2025-06-24T11:43:27","guid":{"rendered":"https:\/\/www.radiomais.ao\/?p=524"},"modified":"2025-06-24T12:43:27","modified_gmt":"2025-06-24T11:43:27","slug":"luanda-testemunha-hoje-assinatura-de-memorandos-entre-paises-africanos-e-instituicoes-norte-americanas","status":"publish","type":"post","link":"https:\/\/www.radiomais.ao\/index.php\/2025\/06\/24\/luanda-testemunha-hoje-assinatura-de-memorandos-entre-paises-africanos-e-instituicoes-norte-americanas\/","title":{"rendered":"Luanda testemunha hoje assinatura de memorandos entre pa\u00edses africanos e institui\u00e7\u00f5es norte-americanas."},"content":{"rendered":"\n<p>\u00c0 margem da Cimeira Empresarial EUA-\u00c1frica, a capital do pa\u00eds, Luanda, vai ser palco, nesta ter\u00e7a-feira, de assinaturas de memorandos de entendimentos entre os pa\u00edses africanos e institui\u00e7\u00f5es norte-americanas, numa altura em que o certame vai no seu terceiro dia de realiza\u00e7\u00e3o. Fonte <strong><em><a href=\"https:\/\/www.opais.ao\/politica\/luanda-testemunha-hoje-assinatura-de-memorandos-entre-paises-africanos-e-instituicoes-norte-americanas\/\">Opa\u00eds.<\/a><\/em><\/strong><\/p>\n","protected":false},"excerpt":{"rendered":"<p>\u00c0 margem da Cimeira Empresarial EUA-\u00c1frica, a capital do pa\u00eds, Luanda, vai ser palco, nesta ter\u00e7a-feira, de assinaturas de memorandos de entendimentos entre os pa\u00edses africanos e institui\u00e7\u00f5es norte-americanas, numa altura em que o certame vai no seu terceiro dia de realiza\u00e7\u00e3o. Fonte Opa\u00eds.<\/p>\n","protected":false},"author":3,"featured_media":525,"comment_status":"open","ping_status":"open","sticky":false,"template":"","format":"standard","meta":{"footnotes":""},"categories":[16],"tags":[30],"class_list":["post-524","post","type-post","status-publish","format-standard","has-post-thumbnail","hentry","category-actualidade","tag-luanda-testemunha-hoje-assinatura-de-memorandos"],"blocksy_meta":[],"_links":{"self":[{"href":"https:\/\/www.radiomais.ao\/index.php\/wp-json\/wp\/v2\/posts\/524","targetHints":{"allow":["GET"]}}],"collection":[{"href":"https:\/\/www.radiomais.ao\/index.php\/wp-json\/wp\/v2\/posts"}],"about":[{"href":"https:\/\/www.radiomais.ao\/index.php\/wp-json\/wp\/v2\/types\/post"}],"author":[{"embeddable":true,"href":"https:\/\/www.radiomais.ao\/index.php\/wp-json\/wp\/v2\/users\/3"}],"replies":[{"embeddable":true,"href":"https:\/\/www.radiomais.ao\/index.php\/wp-json\/wp\/v2\/comments?post=524"}],"version-history":[{"count":1,"href":"https:\/\/www.radiomais.ao\/index.php\/wp-json\/wp\/v2\/posts\/524\/revisions"}],"predecessor-version":[{"id":526,"href":"https:\/\/www.radiomais.ao\/index.php\/wp-json\/wp\/v2\/posts\/524\/revisions\/526"}],"wp:featuredmedia":[{"embeddable":true,"href":"https:\/\/www.radiomais.ao\/index.php\/wp-json\/wp\/v2\/media\/525"}],"wp:attachment":[{"href":"https:\/\/www.radiomais.ao\/index.php\/wp-json\/wp\/v2\/media?parent=524"}],"wp:term":[{"taxonomy":"category","embeddable":true,"href":"https:\/\/www.radiomais.ao\/index.php\/wp-json\/wp\/v2\/categories?post=524"},{"taxonomy":"post_tag","embeddable":true,"href":"https:\/\/www.radiomais.ao\/index.php\/wp-json\/wp\/v2\/tags?post=524"}],"curies":[{"name":"wp","href":"https:\/\/api.w.org\/{rel}","templated":true}]}}