{"id":527,"date":"2025-06-24T12:48:30","date_gmt":"2025-06-24T11:48:30","guid":{"rendered":"https:\/\/www.radiomais.ao\/?p=527"},"modified":"2025-06-24T12:48:30","modified_gmt":"2025-06-24T11:48:30","slug":"lider-do-manifesto-juridico-sociologico-do-povo-lunda-condenado-a-23-anos-de-prisao","status":"publish","type":"post","link":"https:\/\/www.radiomais.ao\/index.php\/2025\/06\/24\/lider-do-manifesto-juridico-sociologico-do-povo-lunda-condenado-a-23-anos-de-prisao\/","title":{"rendered":"L\u00edder do \u201cManifesto Jur\u00eddico Sociol\u00f3gico do Povo Lunda\u201d condenado a 23 anos de pris\u00e3o."},"content":{"rendered":"\n<p>Jones Ant\u00f3nio Chivulukila, 1\u00ba sargento das for\u00e7as Armadas Angolanas, de 60 anos de idade, foi condenado \u00e0 pena de 23 anos de pris\u00e3o maior, nesta segunda-feira, pelo Tribunal de Comarca do Moxico, por liderar uma organiza\u00e7\u00e3o ilegal que pretendia criar um Estado independente, denominado \u201cLunda Tchokwe\u201d, cuja pretens\u00e3o era separar do resto de Angola as prov\u00edncias do Moxico, Moxico Leste, Lunda Norte, Lunda Sul, Cuando e Cubango. Fonte <strong><em><a href=\"https:\/\/www.opais.ao\/sociedade\/lider-do-manifesto-juridico-sociologico-do-povo-lunda-condenado-a-23-anos-de-prisao\/\">Opa\u00eds<\/a><\/em><\/strong><\/p>\n","protected":false},"excerpt":{"rendered":"<p>Jones Ant\u00f3nio Chivulukila, 1\u00ba sargento das for\u00e7as Armadas Angolanas, de 60 anos de idade, foi condenado \u00e0 pena de 23 anos de pris\u00e3o maior, nesta segunda-feira, pelo Tribunal de Comarca do Moxico, por liderar uma organiza\u00e7\u00e3o ilegal que pretendia criar um Estado independente, denominado \u201cLunda Tchokwe\u201d, cuja pretens\u00e3o era separar do resto de Angola as [&hellip;]<\/p>\n","protected":false},"author":3,"featured_media":529,"comment_status":"open","ping_status":"open","sticky":false,"template":"","format":"standard","meta":{"footnotes":""},"categories":[16],"tags":[31],"class_list":["post-527","post","type-post","status-publish","format-standard","has-post-thumbnail","hentry","category-actualidade","tag-lider-do-manifesto-juridico-sociologico-do-povo-lunda-condenado-a-23-anos-de-prisao"],"blocksy_meta":[],"_links":{"self":[{"href":"https:\/\/www.radiomais.ao\/index.php\/wp-json\/wp\/v2\/posts\/527","targetHints":{"allow":["GET"]}}],"collection":[{"href":"https:\/\/www.radiomais.ao\/index.php\/wp-json\/wp\/v2\/posts"}],"about":[{"href":"https:\/\/www.radiomais.ao\/index.php\/wp-json\/wp\/v2\/types\/post"}],"author":[{"embeddable":true,"href":"https:\/\/www.radiomais.ao\/index.php\/wp-json\/wp\/v2\/users\/3"}],"replies":[{"embeddable":true,"href":"https:\/\/www.radiomais.ao\/index.php\/wp-json\/wp\/v2\/comments?post=527"}],"version-history":[{"count":1,"href":"https:\/\/www.radiomais.ao\/index.php\/wp-json\/wp\/v2\/posts\/527\/revisions"}],"predecessor-version":[{"id":530,"href":"https:\/\/www.radiomais.ao\/index.php\/wp-json\/wp\/v2\/posts\/527\/revisions\/530"}],"wp:featuredmedia":[{"embeddable":true,"href":"https:\/\/www.radiomais.ao\/index.php\/wp-json\/wp\/v2\/media\/529"}],"wp:attachment":[{"href":"https:\/\/www.radiomais.ao\/index.php\/wp-json\/wp\/v2\/media?parent=527"}],"wp:term":[{"taxonomy":"category","embeddable":true,"href":"https:\/\/www.radiomais.ao\/index.php\/wp-json\/wp\/v2\/categories?post=527"},{"taxonomy":"post_tag","embeddable":true,"href":"https:\/\/www.radiomais.ao\/index.php\/wp-json\/wp\/v2\/tags?post=527"}],"curies":[{"name":"wp","href":"https:\/\/api.w.org\/{rel}","templated":true}]}}