{"id":5274,"date":"2026-02-27T10:34:31","date_gmt":"2026-02-27T09:34:31","guid":{"rendered":"https:\/\/www.radiomais.ao\/?p=5274"},"modified":"2026-02-27T10:34:31","modified_gmt":"2026-02-27T09:34:31","slug":"arranca-amanha-congresso-que-vai-confirmar-carlota-dias-como-secretaria-geral-da-oma","status":"publish","type":"post","link":"https:\/\/www.radiomais.ao\/index.php\/2026\/02\/27\/arranca-amanha-congresso-que-vai-confirmar-carlota-dias-como-secretaria-geral-da-oma\/","title":{"rendered":"Arranca amanh\u00e3 Congresso que vai confirmar Carlota Dias como secret\u00e1ria-geral da OMA."},"content":{"rendered":"\n<p><strong>A Organiza\u00e3o da Mulher Angolana (OMA), estrutura feminina do MPLA, d\u00e1 amanh\u00e3, S\u00e1bado, 28 de Fevereiro, o pontap\u00e9 de sa\u00edda ao seu 8.\u00ba Congresso Ordin\u00e1rio, um dos mais aguardados encontros internos do movimento pol\u00edtico no ano que antecede as elei\u00e7\u00f5es gerais de 2027. O evento, que decorre at\u00e9 ao dia 1.\u00ba de Mar\u00e7o nas instala\u00e7\u00f5es do Centro de Confer\u00eancias de Belas, em Luanda, prev\u00ea congregar mais de 2.500 delegadas de todo o pa\u00eds e das comunidades da di\u00e1spora, sob o lema \u201cMulheres angolanas unidas para transformar os desafios em conquistas\u201d<\/strong><\/p>\n\n\n\n<p>O conclave \u00e9 o culminar de um longo processo org\u00e2nico que envolveu semin\u00e1rios metodol\u00f3gicos, assembleias provinciais, elei\u00e7\u00f5es de secret\u00e1rias executivas e a aprecia\u00e7\u00e3o de candidaturas ao cargo de secret\u00e1ria-geral \u2014 cargo m\u00e1ximo da organiza\u00e7\u00e3o feminina do partido.<\/p>\n\n\n\n<p>O processo preparat\u00f3rio teve in\u00edcio em Maio do ano passado, com a realiza\u00e7\u00e3o de semin\u00e1rios nacionais metodol\u00f3gicos, destinados a uniformizar os procedimentos e capacitar as inst\u00e2ncias de base para os exerc\u00edcios de balan\u00e7o e de renova\u00e7\u00e3o de mandatos em todo o territ\u00f3rio nacional.<\/p>\n\n\n\n<p>Em Junho do mesmo ano, o Comit\u00e9 Nacional da OMA aprovou os mapas de distribui\u00e7\u00e3o das delegadas, listas de candidaturas e as directrizes que regem a organiza\u00e7\u00e3o do congresso.<\/p>\n\n\n\n<p>As assembleias de Balan\u00e7o e Renova\u00e7\u00e3o de Mandatos foram realizadas nos \u00faltimos meses de 2025 nas diversas prov\u00edncias do pa\u00eds \u2014 a exemplos de Luanda, Huambo, Hu\u00edla, Lunda-Sul, Moxico e outras \u2014 com vista a eleger as secret\u00e1rias executivas provinciais e discutir o desempenho dos \u00f3rg\u00e3os da OMA \u00e0 luz do actual programa de ac\u00e7\u00e3o.<\/p>\n\n\n\n<p>Em Dezembro \u00faltimo, foi aberta a fase de recep\u00e7\u00e3o de candidaturas para o cargo de secret\u00e1ria-geral, cujo prazo foi at\u00e9 15 de Janeiro do presente ano. As candidaturas foram submetidas por militantes com requisitos m\u00ednimos de milit\u00e2ncia e percurso estatut\u00e1rio conforme estipulado nos estatutos. Ler mais em <strong><em><a href=\"https:\/\/www.opais.ao\/politica\/arranca-amanha-congresso-que-vai-confirmar-carlota-dias-como-secretaria-geral-da-oma\/\">Opa\u00eds.<\/a><\/em><\/strong><\/p>\n\n\n\n<p><\/p>\n","protected":false},"excerpt":{"rendered":"<p>A Organiza\u00e3o da Mulher Angolana (OMA), estrutura feminina do MPLA, d\u00e1 amanh\u00e3, S\u00e1bado, 28 de Fevereiro, o pontap\u00e9 de sa\u00edda ao seu 8.\u00ba Congresso Ordin\u00e1rio, um dos mais aguardados encontros internos do movimento pol\u00edtico no ano que antecede as elei\u00e7\u00f5es gerais de 2027. O evento, que decorre at\u00e9 ao dia 1.\u00ba de Mar\u00e7o nas instala\u00e7\u00f5es [&hellip;]<\/p>\n","protected":false},"author":3,"featured_media":5275,"comment_status":"open","ping_status":"open","sticky":false,"template":"","format":"standard","meta":{"footnotes":""},"categories":[16],"tags":[574,830],"class_list":["post-5274","post","type-post","status-publish","format-standard","has-post-thumbnail","hentry","category-actualidade","tag-congresso","tag-oma"],"blocksy_meta":[],"_links":{"self":[{"href":"https:\/\/www.radiomais.ao\/index.php\/wp-json\/wp\/v2\/posts\/5274","targetHints":{"allow":["GET"]}}],"collection":[{"href":"https:\/\/www.radiomais.ao\/index.php\/wp-json\/wp\/v2\/posts"}],"about":[{"href":"https:\/\/www.radiomais.ao\/index.php\/wp-json\/wp\/v2\/types\/post"}],"author":[{"embeddable":true,"href":"https:\/\/www.radiomais.ao\/index.php\/wp-json\/wp\/v2\/users\/3"}],"replies":[{"embeddable":true,"href":"https:\/\/www.radiomais.ao\/index.php\/wp-json\/wp\/v2\/comments?post=5274"}],"version-history":[{"count":1,"href":"https:\/\/www.radiomais.ao\/index.php\/wp-json\/wp\/v2\/posts\/5274\/revisions"}],"predecessor-version":[{"id":5276,"href":"https:\/\/www.radiomais.ao\/index.php\/wp-json\/wp\/v2\/posts\/5274\/revisions\/5276"}],"wp:featuredmedia":[{"embeddable":true,"href":"https:\/\/www.radiomais.ao\/index.php\/wp-json\/wp\/v2\/media\/5275"}],"wp:attachment":[{"href":"https:\/\/www.radiomais.ao\/index.php\/wp-json\/wp\/v2\/media?parent=5274"}],"wp:term":[{"taxonomy":"category","embeddable":true,"href":"https:\/\/www.radiomais.ao\/index.php\/wp-json\/wp\/v2\/categories?post=5274"},{"taxonomy":"post_tag","embeddable":true,"href":"https:\/\/www.radiomais.ao\/index.php\/wp-json\/wp\/v2\/tags?post=5274"}],"curies":[{"name":"wp","href":"https:\/\/api.w.org\/{rel}","templated":true}]}}