{"id":5277,"date":"2026-02-27T10:44:09","date_gmt":"2026-02-27T09:44:09","guid":{"rendered":"https:\/\/www.radiomais.ao\/?p=5277"},"modified":"2026-02-27T10:44:09","modified_gmt":"2026-02-27T09:44:09","slug":"mais-de-250-mil-empresas-nao-pagam-impostos-nos-ultimos-12-meses","status":"publish","type":"post","link":"https:\/\/www.radiomais.ao\/index.php\/2026\/02\/27\/mais-de-250-mil-empresas-nao-pagam-impostos-nos-ultimos-12-meses\/","title":{"rendered":"Mais de 250 mil empresas n\u00e3o pagam impostos nos \u00faltimos 12 meses."},"content":{"rendered":"\n<p><strong>A afirma\u00e7\u00e3o \u00e9 da Administra\u00e7\u00e3o Geral Tribut\u00e1ria (AGT), uma das situa\u00e7\u00f5es que levou \u00e0 suspens\u00e3o dos N\u00fameros de Identifica\u00e7\u00e3o Fiscal (NIF). Entretanto, a entidade tribut\u00e1ria poder\u00e1 proceder o levantamento da suspens\u00e3o dos NIF no prazo de 30 dias, caso as contabilidades das empresas sanem as irregularidades que est\u00e3o na base da suspens\u00e3o<\/strong><\/p>\n\n\n\n<p>&nbsp;presidente do Conselho de Administra\u00e7\u00e3o da AGT, Jos\u00e9 Leiria, revelou que do universo de 376 mil e 754 empresas cadastradas no sistema da institui\u00e7\u00e3o, 272 mil e 768 n\u00e3o apresentaram qualquer declara\u00e7\u00e3o, nem procederam ao pagamento de qualquer imposto ao Estado nos \u00faltimos 12 meses. O total de empresas em regime de incumprimento representa cerca de 72% do total cadastrado pela AGT.<\/p>\n\n\n\n<p>Os incumprimentos, justificou a AGT na reuni\u00e3o realizada esta semana com os representantes da classe empresarial, estiveram na base da notifica\u00e7\u00e3o, a 30 de Outubro de 2025, destes contribuintes pelo portal e por editais afixados nas reparti\u00e7\u00f5es fiscais. Ler mais em <strong><em><a href=\"https:\/\/www.opais.ao\/economia\/mais-de-250-mil-empresas-nao-pagam-impostos-nos-ultimos-12-meses\/\">Opa\u00eds<\/a><\/em><\/strong><\/p>\n","protected":false},"excerpt":{"rendered":"<p>A afirma\u00e7\u00e3o \u00e9 da Administra\u00e7\u00e3o Geral Tribut\u00e1ria (AGT), uma das situa\u00e7\u00f5es que levou \u00e0 suspens\u00e3o dos N\u00fameros de Identifica\u00e7\u00e3o Fiscal (NIF). Entretanto, a entidade tribut\u00e1ria poder\u00e1 proceder o levantamento da suspens\u00e3o dos NIF no prazo de 30 dias, caso as contabilidades das empresas sanem as irregularidades que est\u00e3o na base da suspens\u00e3o &nbsp;presidente do Conselho [&hellip;]<\/p>\n","protected":false},"author":3,"featured_media":5278,"comment_status":"open","ping_status":"open","sticky":false,"template":"","format":"standard","meta":{"footnotes":""},"categories":[16],"tags":[2230,2231],"class_list":["post-5277","post","type-post","status-publish","format-standard","has-post-thumbnail","hentry","category-actualidade","tag-250-mil-empresas","tag-imposto"],"blocksy_meta":[],"_links":{"self":[{"href":"https:\/\/www.radiomais.ao\/index.php\/wp-json\/wp\/v2\/posts\/5277","targetHints":{"allow":["GET"]}}],"collection":[{"href":"https:\/\/www.radiomais.ao\/index.php\/wp-json\/wp\/v2\/posts"}],"about":[{"href":"https:\/\/www.radiomais.ao\/index.php\/wp-json\/wp\/v2\/types\/post"}],"author":[{"embeddable":true,"href":"https:\/\/www.radiomais.ao\/index.php\/wp-json\/wp\/v2\/users\/3"}],"replies":[{"embeddable":true,"href":"https:\/\/www.radiomais.ao\/index.php\/wp-json\/wp\/v2\/comments?post=5277"}],"version-history":[{"count":1,"href":"https:\/\/www.radiomais.ao\/index.php\/wp-json\/wp\/v2\/posts\/5277\/revisions"}],"predecessor-version":[{"id":5279,"href":"https:\/\/www.radiomais.ao\/index.php\/wp-json\/wp\/v2\/posts\/5277\/revisions\/5279"}],"wp:featuredmedia":[{"embeddable":true,"href":"https:\/\/www.radiomais.ao\/index.php\/wp-json\/wp\/v2\/media\/5278"}],"wp:attachment":[{"href":"https:\/\/www.radiomais.ao\/index.php\/wp-json\/wp\/v2\/media?parent=5277"}],"wp:term":[{"taxonomy":"category","embeddable":true,"href":"https:\/\/www.radiomais.ao\/index.php\/wp-json\/wp\/v2\/categories?post=5277"},{"taxonomy":"post_tag","embeddable":true,"href":"https:\/\/www.radiomais.ao\/index.php\/wp-json\/wp\/v2\/tags?post=5277"}],"curies":[{"name":"wp","href":"https:\/\/api.w.org\/{rel}","templated":true}]}}