{"id":531,"date":"2025-06-24T12:52:23","date_gmt":"2025-06-24T11:52:23","guid":{"rendered":"https:\/\/www.radiomais.ao\/?p=531"},"modified":"2025-06-24T12:52:23","modified_gmt":"2025-06-24T11:52:23","slug":"secretario-de-estado-do-minint-empossa-novo-director-geral-adjunto-do-cisp","status":"publish","type":"post","link":"https:\/\/www.radiomais.ao\/index.php\/2025\/06\/24\/secretario-de-estado-do-minint-empossa-novo-director-geral-adjunto-do-cisp\/","title":{"rendered":"Secret\u00e1rio de Estado do MININT empossa novo director-geral adjunto do CISP."},"content":{"rendered":"\n<p>O Secret\u00e1rio de Estado do Minist\u00e9rio do Interior, Cristiano M\u00e1rio Ndeitunga, conferiu posse, nesta segunda-feira, ao superintendente-chefe Daniel F\u00e9lix, como director-geral adjunto do Centro Integrado de Seguran\u00e7a P\u00fablica, sendo o primeiro a ocupar tal cargo naquela institui\u00e7\u00e3o afecta \u00e0quele minist\u00e9rio. Fonte <strong><em><a href=\"https:\/\/www.opais.ao\/sociedade\/secretario-de-estado-do-minint-empossa-novo-director-geral-adjunto-do-cisp\/\">Opa\u00eds<\/a><\/em><\/strong><\/p>\n","protected":false},"excerpt":{"rendered":"<p>O Secret\u00e1rio de Estado do Minist\u00e9rio do Interior, Cristiano M\u00e1rio Ndeitunga, conferiu posse, nesta segunda-feira, ao superintendente-chefe Daniel F\u00e9lix, como director-geral adjunto do Centro Integrado de Seguran\u00e7a P\u00fablica, sendo o primeiro a ocupar tal cargo naquela institui\u00e7\u00e3o afecta \u00e0quele minist\u00e9rio. Fonte Opa\u00eds<\/p>\n","protected":false},"author":3,"featured_media":532,"comment_status":"open","ping_status":"open","sticky":false,"template":"","format":"standard","meta":{"footnotes":""},"categories":[16],"tags":[32],"class_list":["post-531","post","type-post","status-publish","format-standard","has-post-thumbnail","hentry","category-actualidade","tag-secretario-de-estado-do-minint-empossa-novo-director-geral-adjunto-do-cisp"],"blocksy_meta":[],"_links":{"self":[{"href":"https:\/\/www.radiomais.ao\/index.php\/wp-json\/wp\/v2\/posts\/531","targetHints":{"allow":["GET"]}}],"collection":[{"href":"https:\/\/www.radiomais.ao\/index.php\/wp-json\/wp\/v2\/posts"}],"about":[{"href":"https:\/\/www.radiomais.ao\/index.php\/wp-json\/wp\/v2\/types\/post"}],"author":[{"embeddable":true,"href":"https:\/\/www.radiomais.ao\/index.php\/wp-json\/wp\/v2\/users\/3"}],"replies":[{"embeddable":true,"href":"https:\/\/www.radiomais.ao\/index.php\/wp-json\/wp\/v2\/comments?post=531"}],"version-history":[{"count":1,"href":"https:\/\/www.radiomais.ao\/index.php\/wp-json\/wp\/v2\/posts\/531\/revisions"}],"predecessor-version":[{"id":533,"href":"https:\/\/www.radiomais.ao\/index.php\/wp-json\/wp\/v2\/posts\/531\/revisions\/533"}],"wp:featuredmedia":[{"embeddable":true,"href":"https:\/\/www.radiomais.ao\/index.php\/wp-json\/wp\/v2\/media\/532"}],"wp:attachment":[{"href":"https:\/\/www.radiomais.ao\/index.php\/wp-json\/wp\/v2\/media?parent=531"}],"wp:term":[{"taxonomy":"category","embeddable":true,"href":"https:\/\/www.radiomais.ao\/index.php\/wp-json\/wp\/v2\/categories?post=531"},{"taxonomy":"post_tag","embeddable":true,"href":"https:\/\/www.radiomais.ao\/index.php\/wp-json\/wp\/v2\/tags?post=531"}],"curies":[{"name":"wp","href":"https:\/\/api.w.org\/{rel}","templated":true}]}}