{"id":534,"date":"2025-06-24T12:56:44","date_gmt":"2025-06-24T11:56:44","guid":{"rendered":"https:\/\/www.radiomais.ao\/?p=534"},"modified":"2025-06-24T12:56:44","modified_gmt":"2025-06-24T11:56:44","slug":"administracao-do-calumbo-reabilita-escola-fica-catumbo","status":"publish","type":"post","link":"https:\/\/www.radiomais.ao\/index.php\/2025\/06\/24\/administracao-do-calumbo-reabilita-escola-fica-catumbo\/","title":{"rendered":"Administra\u00e7\u00e3o do Calumbo reabilita Escola Fica Catumbo."},"content":{"rendered":"\n<p>No \u00e2mbito do Programa \u201cEscola Amiga da Crian\u00e7a\u201d, que visa criar melhores condi\u00e7\u00f5es de ensino e aprendizagem para os alunos, a Administra\u00e7\u00e3o Municipal do Calumbo, na prov\u00edncia de Icolo e Bengo, procedeu a reabilita\u00e7\u00e3o da Escola Fica Catumbo, no Zango 1. Fonte <strong><em><a href=\"https:\/\/www.opais.ao\/sociedade\/administracao-do-calumbo-reabilita-escola-fica-catumbo\/\">Opa\u00eds<\/a><\/em><\/strong><\/p>\n","protected":false},"excerpt":{"rendered":"<p>No \u00e2mbito do Programa \u201cEscola Amiga da Crian\u00e7a\u201d, que visa criar melhores condi\u00e7\u00f5es de ensino e aprendizagem para os alunos, a Administra\u00e7\u00e3o Municipal do Calumbo, na prov\u00edncia de Icolo e Bengo, procedeu a reabilita\u00e7\u00e3o da Escola Fica Catumbo, no Zango 1. Fonte Opa\u00eds<\/p>\n","protected":false},"author":3,"featured_media":535,"comment_status":"open","ping_status":"open","sticky":false,"template":"","format":"standard","meta":{"footnotes":""},"categories":[16],"tags":[33],"class_list":["post-534","post","type-post","status-publish","format-standard","has-post-thumbnail","hentry","category-actualidade","tag-administracao-do-calumbo-reabilita-escola-fica-catumbo"],"blocksy_meta":[],"_links":{"self":[{"href":"https:\/\/www.radiomais.ao\/index.php\/wp-json\/wp\/v2\/posts\/534","targetHints":{"allow":["GET"]}}],"collection":[{"href":"https:\/\/www.radiomais.ao\/index.php\/wp-json\/wp\/v2\/posts"}],"about":[{"href":"https:\/\/www.radiomais.ao\/index.php\/wp-json\/wp\/v2\/types\/post"}],"author":[{"embeddable":true,"href":"https:\/\/www.radiomais.ao\/index.php\/wp-json\/wp\/v2\/users\/3"}],"replies":[{"embeddable":true,"href":"https:\/\/www.radiomais.ao\/index.php\/wp-json\/wp\/v2\/comments?post=534"}],"version-history":[{"count":1,"href":"https:\/\/www.radiomais.ao\/index.php\/wp-json\/wp\/v2\/posts\/534\/revisions"}],"predecessor-version":[{"id":536,"href":"https:\/\/www.radiomais.ao\/index.php\/wp-json\/wp\/v2\/posts\/534\/revisions\/536"}],"wp:featuredmedia":[{"embeddable":true,"href":"https:\/\/www.radiomais.ao\/index.php\/wp-json\/wp\/v2\/media\/535"}],"wp:attachment":[{"href":"https:\/\/www.radiomais.ao\/index.php\/wp-json\/wp\/v2\/media?parent=534"}],"wp:term":[{"taxonomy":"category","embeddable":true,"href":"https:\/\/www.radiomais.ao\/index.php\/wp-json\/wp\/v2\/categories?post=534"},{"taxonomy":"post_tag","embeddable":true,"href":"https:\/\/www.radiomais.ao\/index.php\/wp-json\/wp\/v2\/tags?post=534"}],"curies":[{"name":"wp","href":"https:\/\/api.w.org\/{rel}","templated":true}]}}