{"id":5392,"date":"2026-04-06T08:58:17","date_gmt":"2026-04-06T07:58:17","guid":{"rendered":"https:\/\/www.radiomais.ao\/?p=5392"},"modified":"2026-04-06T08:58:17","modified_gmt":"2026-04-06T07:58:17","slug":"governo-vai-instalar-balancas-na-en-110-para-travar-a-fuga-de-camioes-e-proteger-ponte-da-cabala","status":"publish","type":"post","link":"https:\/\/www.radiomais.ao\/index.php\/2026\/04\/06\/governo-vai-instalar-balancas-na-en-110-para-travar-a-fuga-de-camioes-e-proteger-ponte-da-cabala\/","title":{"rendered":"Governo vai instalar balan\u00e7as na EN-110 para travar a fuga de cami\u00f5es e proteger ponte da Cabala."},"content":{"rendered":"\n<p><strong>O Minist\u00e9rio das Obras P\u00fablicas, Urbanismo e Habita\u00e7\u00e3o vai instalar, em coordena\u00e7\u00e3o com o minist\u00e9rio do Interior, postos de pesagem ao longo da Estrada Nacional 110 (En-110) com vista a travar a fuga dos cami\u00f5es com excesso de carga que t\u00eam estado a circular pela ponte da Cabala, no munic\u00edpio de muxima, comportamento que, segundo o pelouro, coloca em risco aquela infra-estrutura<\/strong>.<\/p>\n\n\n\n<p>A medida foi anunciada pelo ministro Carlos Alberto dos Santos, que reconheceu o aumento do tr\u00e1fego pesado no tro\u00e7o Catete\u2013Muxima\u2013Demba Chio, muitos deles acima dos limites admiss\u00edveis. Segundo o governante, o objectivo \u00e9 obrigar os transportado- res a cumprirem as regras e garantir maior durabilidade das estradas recentemente reabilitadas.<\/p>\n\n\n\n<p>\u201cS\u00f3 assim podemos conservar melhor as nossas estradas e garantir que durem mais tempo\u201d, sublinhou, acrescentando que o controlo de cargas ser\u00e1 refor\u00e7ado com base em novos par\u00e2metros t\u00e9cnicos alinhados com a Comunidade de Desenvolvimento da \u00c1frica Austral (SADC), incluindo crit\u00e9rios por eixo simples e duplo. Ler mais em <strong><em><a href=\"https:\/\/www.opais.ao\/politica\/governo-vai-instalar-balancas-na-en-110-para-travar-a-fuga-de-camioes-e-proteger-ponte-da-cabala\/\">Opa\u00eds<\/a><\/em><\/strong><\/p>\n","protected":false},"excerpt":{"rendered":"<p>O Minist\u00e9rio das Obras P\u00fablicas, Urbanismo e Habita\u00e7\u00e3o vai instalar, em coordena\u00e7\u00e3o com o minist\u00e9rio do Interior, postos de pesagem ao longo da Estrada Nacional 110 (En-110) com vista a travar a fuga dos cami\u00f5es com excesso de carga que t\u00eam estado a circular pela ponte da Cabala, no munic\u00edpio de muxima, comportamento que, segundo [&hellip;]<\/p>\n","protected":false},"author":3,"featured_media":5393,"comment_status":"open","ping_status":"open","sticky":false,"template":"","format":"standard","meta":{"footnotes":""},"categories":[16],"tags":[2242],"class_list":["post-5392","post","type-post","status-publish","format-standard","has-post-thumbnail","hentry","category-actualidade","tag-balancas-na-en-110"],"blocksy_meta":[],"_links":{"self":[{"href":"https:\/\/www.radiomais.ao\/index.php\/wp-json\/wp\/v2\/posts\/5392","targetHints":{"allow":["GET"]}}],"collection":[{"href":"https:\/\/www.radiomais.ao\/index.php\/wp-json\/wp\/v2\/posts"}],"about":[{"href":"https:\/\/www.radiomais.ao\/index.php\/wp-json\/wp\/v2\/types\/post"}],"author":[{"embeddable":true,"href":"https:\/\/www.radiomais.ao\/index.php\/wp-json\/wp\/v2\/users\/3"}],"replies":[{"embeddable":true,"href":"https:\/\/www.radiomais.ao\/index.php\/wp-json\/wp\/v2\/comments?post=5392"}],"version-history":[{"count":1,"href":"https:\/\/www.radiomais.ao\/index.php\/wp-json\/wp\/v2\/posts\/5392\/revisions"}],"predecessor-version":[{"id":5394,"href":"https:\/\/www.radiomais.ao\/index.php\/wp-json\/wp\/v2\/posts\/5392\/revisions\/5394"}],"wp:featuredmedia":[{"embeddable":true,"href":"https:\/\/www.radiomais.ao\/index.php\/wp-json\/wp\/v2\/media\/5393"}],"wp:attachment":[{"href":"https:\/\/www.radiomais.ao\/index.php\/wp-json\/wp\/v2\/media?parent=5392"}],"wp:term":[{"taxonomy":"category","embeddable":true,"href":"https:\/\/www.radiomais.ao\/index.php\/wp-json\/wp\/v2\/categories?post=5392"},{"taxonomy":"post_tag","embeddable":true,"href":"https:\/\/www.radiomais.ao\/index.php\/wp-json\/wp\/v2\/tags?post=5392"}],"curies":[{"name":"wp","href":"https:\/\/api.w.org\/{rel}","templated":true}]}}