{"id":5395,"date":"2026-04-06T09:03:24","date_gmt":"2026-04-06T08:03:24","guid":{"rendered":"https:\/\/www.radiomais.ao\/?p=5395"},"modified":"2026-04-06T09:03:24","modified_gmt":"2026-04-06T08:03:24","slug":"proposta-que-preve-taxar-subsidios-de-alimentacao-que-excedam-43-mil-kwanzas-gera-discordia","status":"publish","type":"post","link":"https:\/\/www.radiomais.ao\/index.php\/2026\/04\/06\/proposta-que-preve-taxar-subsidios-de-alimentacao-que-excedam-43-mil-kwanzas-gera-discordia\/","title":{"rendered":"Proposta que prev\u00ea taxar subs\u00eddios de alimenta\u00e7\u00e3o que excedam 43 mil kwanzas gera disc\u00f3rdia."},"content":{"rendered":"\n<p><strong>A Proposta de lei do Imposto sobre rendimentos de pessoas singulares (IRPS), aprovada, recentemente, na generalidade pela Assembleia Nacional, prev\u00ea taxar os subs\u00eddios de alimenta\u00e7\u00e3o que excedam os 43 mil kwanzas, uma situa\u00e7\u00e3o que, a concretizar-se, pode agravar o custo de vida dos trabalhadores, alertam economistas em declara\u00e7\u00f5es<\/strong>.<\/p>\n\n\n\n<p>Para o economista Ant\u00f3nio Celestino, se a proposta for aprovada na especialidade, tal como entrou, pode \u201cprovocar frustra\u00e7\u00f5es\u201d aos trabalhadores. Em sua opini\u00e3o, a proposta vem tirar o verdadeiro sentido cl\u00e1ssico de um subs\u00eddio, por entender que o subs\u00eddio de alimenta\u00e7\u00e3o \u00e9 um mecanismo de compensa\u00e7\u00e3o para aliviar o sal\u00e1rio que j\u00e1 n\u00e3o vai \u00e0 altura de responder \u00e0 din\u00e2mica da infla\u00e7\u00e3o.<\/p>\n\n\n\n<p>\u201cQuando este \u00e9 taxado, perde o sentido real de um subs\u00eddio\u201d, sublinha o economista. Ant\u00f3nio Celestino entende que o Estado est\u00e1 \u00e0 procura de mecanismos para arrecadar mais, entretanto, pensa que n\u00e3o pode ser de taxar o subs\u00eddio de alimenta\u00e7\u00e3o, mas, sim, combater a evas\u00e3o fiscal, a fuga ao fisco e procurar pol\u00edticas fi\u00e1veis que visam agregar a base tribut\u00e1ria.<\/p>\n\n\n\n<p>Refor\u00e7ou que, se a proposta passar na especialidade, o impacto na vida do trabalhador vai ser o agravamento do custo de vida, porque a medida vai reduzir o seu rendimento. Portanto, o especialista pensa n\u00e3o ser oportuno taxar o subs\u00eddio de alimenta\u00e7\u00e3o, por entender que h\u00e1 outros mecanismos para aumentar as receitas.<\/p>\n","protected":false},"excerpt":{"rendered":"<p>A Proposta de lei do Imposto sobre rendimentos de pessoas singulares (IRPS), aprovada, recentemente, na generalidade pela Assembleia Nacional, prev\u00ea taxar os subs\u00eddios de alimenta\u00e7\u00e3o que excedam os 43 mil kwanzas, uma situa\u00e7\u00e3o que, a concretizar-se, pode agravar o custo de vida dos trabalhadores, alertam economistas em declara\u00e7\u00f5es. Para o economista Ant\u00f3nio Celestino, se a [&hellip;]<\/p>\n","protected":false},"author":3,"featured_media":5396,"comment_status":"open","ping_status":"open","sticky":false,"template":"","format":"standard","meta":{"footnotes":""},"categories":[16],"tags":[2243],"class_list":["post-5395","post","type-post","status-publish","format-standard","has-post-thumbnail","hentry","category-actualidade","tag-proposta-que-preve-taxar-subsidios-de-alimentacao-que-excedam-43-mil"],"blocksy_meta":[],"_links":{"self":[{"href":"https:\/\/www.radiomais.ao\/index.php\/wp-json\/wp\/v2\/posts\/5395","targetHints":{"allow":["GET"]}}],"collection":[{"href":"https:\/\/www.radiomais.ao\/index.php\/wp-json\/wp\/v2\/posts"}],"about":[{"href":"https:\/\/www.radiomais.ao\/index.php\/wp-json\/wp\/v2\/types\/post"}],"author":[{"embeddable":true,"href":"https:\/\/www.radiomais.ao\/index.php\/wp-json\/wp\/v2\/users\/3"}],"replies":[{"embeddable":true,"href":"https:\/\/www.radiomais.ao\/index.php\/wp-json\/wp\/v2\/comments?post=5395"}],"version-history":[{"count":1,"href":"https:\/\/www.radiomais.ao\/index.php\/wp-json\/wp\/v2\/posts\/5395\/revisions"}],"predecessor-version":[{"id":5397,"href":"https:\/\/www.radiomais.ao\/index.php\/wp-json\/wp\/v2\/posts\/5395\/revisions\/5397"}],"wp:featuredmedia":[{"embeddable":true,"href":"https:\/\/www.radiomais.ao\/index.php\/wp-json\/wp\/v2\/media\/5396"}],"wp:attachment":[{"href":"https:\/\/www.radiomais.ao\/index.php\/wp-json\/wp\/v2\/media?parent=5395"}],"wp:term":[{"taxonomy":"category","embeddable":true,"href":"https:\/\/www.radiomais.ao\/index.php\/wp-json\/wp\/v2\/categories?post=5395"},{"taxonomy":"post_tag","embeddable":true,"href":"https:\/\/www.radiomais.ao\/index.php\/wp-json\/wp\/v2\/tags?post=5395"}],"curies":[{"name":"wp","href":"https:\/\/api.w.org\/{rel}","templated":true}]}}