{"id":5398,"date":"2026-04-06T09:08:18","date_gmt":"2026-04-06T08:08:18","guid":{"rendered":"https:\/\/www.radiomais.ao\/?p=5398"},"modified":"2026-04-06T09:08:18","modified_gmt":"2026-04-06T08:08:18","slug":"ministro-manuel-homem-condecora-160-efetivos-da-pn","status":"publish","type":"post","link":"https:\/\/www.radiomais.ao\/index.php\/2026\/04\/06\/ministro-manuel-homem-condecora-160-efetivos-da-pn\/","title":{"rendered":"Ministro Manuel Homem condecora 160 efetivos da PN."},"content":{"rendered":"\n<p><strong>Depois de o presidente da rep\u00fablica, Jo\u00e3o louren\u00e7o, ter exarado, em Fevereiro \u00faltimo, dois decretos nos quais determinou a condecora\u00e7\u00e3o de 714 efectivos da pol\u00edcia nacional em reconhecimento aos seus feitos e m\u00e9ritos na garantia da ordem constitucional, manuten\u00e7\u00e3o da seguran\u00e7a e tranquilidade p\u00fablicas, preven\u00e7\u00e3o e combate \u00e0 criminalidade, aconteceu, no \u00faltimo s\u00e1bado, a terceira cerim\u00f3nia de outorga de medalhas<\/strong>.<\/p>\n\n\n\n<p>O ministro do Interior, Manuel Homem, condecorou, no \u00faltimo S\u00e1bado, em Luanda, 160 altas patentes da Pol\u00edcia Nacional, com as medalhas Ordem P\u00fablica e Servi\u00e7os Distintos, ambas de segunda classe, no \u00e2mbito das comemora\u00e7\u00f5es dos 50 anos da corpora\u00e7\u00e3o, assinalados a 28 de Fevereiro \u00faltimo.<\/p>\n\n\n\n<p>Na cerim\u00f3nia, foram atribu\u00eddas medalhas Ordem P\u00fablica de 2.\u00aa Classe a 14 comiss\u00e1rios, dos quais cinco a t\u00edtulo p\u00f3stumo, um reformado e oito no activo, assim como 66 sub-comiss\u00e1rios, sendo tr\u00eas a t\u00edtulo p\u00f3stumo, 22 reformados e 41 no activo. Na categoria de Servi\u00e7os Distintos de 2.\u00aa Classe, Manuel Homem distinguiu 72 super-intendentes-chefes e oito super-intendentes, dos quais 66 no activo, 11 reformados e seis a t\u00edtulo p\u00f3stumo.<\/p>\n\n\n\n<p>Esta foi a terceira cerim\u00f3nia de outorga de medalhas, depois das que ocorreram a 25 de Fevereiro e a 23 de Mar\u00e7o \u00faltimos, orientadas pelo Presidente da Rep\u00fablica, Jo\u00e3o Louren\u00e7o, e pelo ministro de Estado e Chefe da Casa Militar do Presidente da Rep\u00fablica, Francisco Pereira Furtado, respetivamente.<\/p>\n","protected":false},"excerpt":{"rendered":"<p>Depois de o presidente da rep\u00fablica, Jo\u00e3o louren\u00e7o, ter exarado, em Fevereiro \u00faltimo, dois decretos nos quais determinou a condecora\u00e7\u00e3o de 714 efectivos da pol\u00edcia nacional em reconhecimento aos seus feitos e m\u00e9ritos na garantia da ordem constitucional, manuten\u00e7\u00e3o da seguran\u00e7a e tranquilidade p\u00fablicas, preven\u00e7\u00e3o e combate \u00e0 criminalidade, aconteceu, no \u00faltimo s\u00e1bado, a terceira [&hellip;]<\/p>\n","protected":false},"author":3,"featured_media":5399,"comment_status":"open","ping_status":"open","sticky":false,"template":"","format":"standard","meta":{"footnotes":""},"categories":[16],"tags":[2244],"class_list":["post-5398","post","type-post","status-publish","format-standard","has-post-thumbnail","hentry","category-actualidade","tag-manuel-homem-condecora-efectivos-da-pn"],"blocksy_meta":[],"_links":{"self":[{"href":"https:\/\/www.radiomais.ao\/index.php\/wp-json\/wp\/v2\/posts\/5398","targetHints":{"allow":["GET"]}}],"collection":[{"href":"https:\/\/www.radiomais.ao\/index.php\/wp-json\/wp\/v2\/posts"}],"about":[{"href":"https:\/\/www.radiomais.ao\/index.php\/wp-json\/wp\/v2\/types\/post"}],"author":[{"embeddable":true,"href":"https:\/\/www.radiomais.ao\/index.php\/wp-json\/wp\/v2\/users\/3"}],"replies":[{"embeddable":true,"href":"https:\/\/www.radiomais.ao\/index.php\/wp-json\/wp\/v2\/comments?post=5398"}],"version-history":[{"count":1,"href":"https:\/\/www.radiomais.ao\/index.php\/wp-json\/wp\/v2\/posts\/5398\/revisions"}],"predecessor-version":[{"id":5400,"href":"https:\/\/www.radiomais.ao\/index.php\/wp-json\/wp\/v2\/posts\/5398\/revisions\/5400"}],"wp:featuredmedia":[{"embeddable":true,"href":"https:\/\/www.radiomais.ao\/index.php\/wp-json\/wp\/v2\/media\/5399"}],"wp:attachment":[{"href":"https:\/\/www.radiomais.ao\/index.php\/wp-json\/wp\/v2\/media?parent=5398"}],"wp:term":[{"taxonomy":"category","embeddable":true,"href":"https:\/\/www.radiomais.ao\/index.php\/wp-json\/wp\/v2\/categories?post=5398"},{"taxonomy":"post_tag","embeddable":true,"href":"https:\/\/www.radiomais.ao\/index.php\/wp-json\/wp\/v2\/tags?post=5398"}],"curies":[{"name":"wp","href":"https:\/\/api.w.org\/{rel}","templated":true}]}}