{"id":5401,"date":"2026-04-06T09:13:05","date_gmt":"2026-04-06T08:13:05","guid":{"rendered":"https:\/\/www.radiomais.ao\/?p=5401"},"modified":"2026-04-06T09:13:05","modified_gmt":"2026-04-06T08:13:05","slug":"sic-investiga-morte-de-tres-funcionarios-da-fazenda-filomena","status":"publish","type":"post","link":"https:\/\/www.radiomais.ao\/index.php\/2026\/04\/06\/sic-investiga-morte-de-tres-funcionarios-da-fazenda-filomena\/","title":{"rendered":"SIC investiga morte de tr\u00eas funcion\u00e1rios da fazenda Filomena."},"content":{"rendered":"\n<p>O Servi\u00e7o de Investiga\u00e7\u00e3o Criminal, atrav\u00e9s da sua direc\u00e7\u00e3o Provincial do SIC Bengo, garantiu estar a investigar o incidente na Fazenda Filomena, munic\u00edpio do Panguila, prov\u00edncia do Bengo, que resultou na morte de tr\u00eas funcion\u00e1rios, de 34, 40 e 42 anos, respectivamente.<\/p>\n\n\n\n<p>A garantia foi-nos dada pelo porta-voz do SIC-Geral, Manuel Halaiwa. O incidente resultou na morte de um t\u00e9cnico de manuten\u00e7\u00e3o, operador de empilhadora e um ajudante, numa altura em que cumpriam actividade normal de trabalho num dep\u00f3sito subterr\u00e2neo de \u00f3leo de Girassol, para a colheita de amostras, em que foram sujeitos \u00e0 elevada exposi\u00e7\u00e3o de elementos t\u00f3xicos sem protec\u00e7\u00e3o.<\/p>\n\n\n\n<p>No local, foram accionados os servi\u00e7os de socorro do corpo de Protec\u00e7\u00e3o civil e bombeiros e o INEMA, que resgataram as v\u00edtimas para uma unidade sanit\u00e1ria mais pr\u00f3xima, sem sucesso. \u201cDiante dos factos, e face \u00e0 gravidade, o SIC realizou uma inspec\u00e7\u00e3o judicial no local, tendo colhido evid\u00eancias para o posterior exame forense. No mesmo sentido, os cad\u00e1veres ser\u00e3o submetidos \u00e0 aut\u00f3psia pela per\u00edcia m\u00e9dico-legal, para determina\u00e7\u00e3o das reais causas da morte\u201d, disse Halaiwa Ler mas em<strong><em><a href=\"https:\/\/www.opais.ao\/sociedade\/sic-investiga-morte-de-tres-funcionarios-da-fazenda-filomena\/\"> Opa\u00eds<\/a><\/em><\/strong><\/p>\n","protected":false},"excerpt":{"rendered":"<p>O Servi\u00e7o de Investiga\u00e7\u00e3o Criminal, atrav\u00e9s da sua direc\u00e7\u00e3o Provincial do SIC Bengo, garantiu estar a investigar o incidente na Fazenda Filomena, munic\u00edpio do Panguila, prov\u00edncia do Bengo, que resultou na morte de tr\u00eas funcion\u00e1rios, de 34, 40 e 42 anos, respectivamente. A garantia foi-nos dada pelo porta-voz do SIC-Geral, Manuel Halaiwa. O incidente resultou [&hellip;]<\/p>\n","protected":false},"author":3,"featured_media":5402,"comment_status":"open","ping_status":"open","sticky":false,"template":"","format":"standard","meta":{"footnotes":""},"categories":[16],"tags":[2245],"class_list":["post-5401","post","type-post","status-publish","format-standard","has-post-thumbnail","hentry","category-actualidade","tag-mortes-na-fazenda-filomenta-sob-investigacao-do-sic"],"blocksy_meta":[],"_links":{"self":[{"href":"https:\/\/www.radiomais.ao\/index.php\/wp-json\/wp\/v2\/posts\/5401","targetHints":{"allow":["GET"]}}],"collection":[{"href":"https:\/\/www.radiomais.ao\/index.php\/wp-json\/wp\/v2\/posts"}],"about":[{"href":"https:\/\/www.radiomais.ao\/index.php\/wp-json\/wp\/v2\/types\/post"}],"author":[{"embeddable":true,"href":"https:\/\/www.radiomais.ao\/index.php\/wp-json\/wp\/v2\/users\/3"}],"replies":[{"embeddable":true,"href":"https:\/\/www.radiomais.ao\/index.php\/wp-json\/wp\/v2\/comments?post=5401"}],"version-history":[{"count":1,"href":"https:\/\/www.radiomais.ao\/index.php\/wp-json\/wp\/v2\/posts\/5401\/revisions"}],"predecessor-version":[{"id":5403,"href":"https:\/\/www.radiomais.ao\/index.php\/wp-json\/wp\/v2\/posts\/5401\/revisions\/5403"}],"wp:featuredmedia":[{"embeddable":true,"href":"https:\/\/www.radiomais.ao\/index.php\/wp-json\/wp\/v2\/media\/5402"}],"wp:attachment":[{"href":"https:\/\/www.radiomais.ao\/index.php\/wp-json\/wp\/v2\/media?parent=5401"}],"wp:term":[{"taxonomy":"category","embeddable":true,"href":"https:\/\/www.radiomais.ao\/index.php\/wp-json\/wp\/v2\/categories?post=5401"},{"taxonomy":"post_tag","embeddable":true,"href":"https:\/\/www.radiomais.ao\/index.php\/wp-json\/wp\/v2\/tags?post=5401"}],"curies":[{"name":"wp","href":"https:\/\/api.w.org\/{rel}","templated":true}]}}