{"id":5430,"date":"2026-04-07T10:11:58","date_gmt":"2026-04-07T09:11:58","guid":{"rendered":"https:\/\/www.radiomais.ao\/?p=5430"},"modified":"2026-04-07T10:11:58","modified_gmt":"2026-04-07T09:11:58","slug":"joao-lourenco-lamenta-vitimas-e-garante-assistencia-apos-chuvas-devastadoras","status":"publish","type":"post","link":"https:\/\/www.radiomais.ao\/index.php\/2026\/04\/07\/joao-lourenco-lamenta-vitimas-e-garante-assistencia-apos-chuvas-devastadoras\/","title":{"rendered":"Jo\u00e3o Louren\u00e7o lamenta v\u00edtimas e garante assist\u00eancia ap\u00f3s chuvas devastadoras."},"content":{"rendered":"\n<p>De acordo com uma mensagem do Presidente da Rep\u00fablica, Jo\u00e3o Manuel Gon\u00e7alves Louren\u00e7o, o pa\u00eds enfrenta consequ\u00eancias \u201ctr\u00e1gicas do ponto de vista humano e da infra-estrutura material\u201d, com registo de mortes e cidad\u00e3os ainda desaparecidos, o que tem motivado uma corrida contra o tempo para opera\u00e7\u00f5es de busca, resgate e assist\u00eancia m\u00e9dica.<\/p>\n\n\n\n<p>\u201cAs chuvas intensas que se t\u00eam abatido sobre v\u00e1rias regi\u00f5es de Angola nos \u00faltimos dias provocaram perdas humanas, destrui\u00e7\u00e3o de infra-estruturas e deixaram centenas de fam\u00edlias em situa\u00e7\u00e3o de vulnerabilidade, levando o Executivo a mobilizar meios de emerg\u00eancia para dar resposta \u00e0 crise\u201d, l\u00ea-se na nota. As precipita\u00e7\u00f5es intensas provocaram inunda\u00e7\u00f5es em v\u00e1rias zonas habitacionais, destrui\u00e7\u00e3o de resid\u00eancias e o corte de importantes vias de acesso, dificultando a circula\u00e7\u00e3o de pessoas e bens. Ler mais em <strong><em><a href=\"https:\/\/www.opais.ao\/sociedade\/joao-lourenco-lamenta-vitimas-e-garante-assistencia-apos-chuvas-devastadoras\/\">Opa\u00eds<\/a><\/em><\/strong><\/p>\n","protected":false},"excerpt":{"rendered":"<p>De acordo com uma mensagem do Presidente da Rep\u00fablica, Jo\u00e3o Manuel Gon\u00e7alves Louren\u00e7o, o pa\u00eds enfrenta consequ\u00eancias \u201ctr\u00e1gicas do ponto de vista humano e da infra-estrutura material\u201d, com registo de mortes e cidad\u00e3os ainda desaparecidos, o que tem motivado uma corrida contra o tempo para opera\u00e7\u00f5es de busca, resgate e assist\u00eancia m\u00e9dica. \u201cAs chuvas intensas [&hellip;]<\/p>\n","protected":false},"author":3,"featured_media":5431,"comment_status":"open","ping_status":"open","sticky":false,"template":"","format":"standard","meta":{"footnotes":""},"categories":[16],"tags":[2251],"class_list":["post-5430","post","type-post","status-publish","format-standard","has-post-thumbnail","hentry","category-actualidade","tag-assistencia-apos-chuvas-devastadoras"],"blocksy_meta":[],"_links":{"self":[{"href":"https:\/\/www.radiomais.ao\/index.php\/wp-json\/wp\/v2\/posts\/5430","targetHints":{"allow":["GET"]}}],"collection":[{"href":"https:\/\/www.radiomais.ao\/index.php\/wp-json\/wp\/v2\/posts"}],"about":[{"href":"https:\/\/www.radiomais.ao\/index.php\/wp-json\/wp\/v2\/types\/post"}],"author":[{"embeddable":true,"href":"https:\/\/www.radiomais.ao\/index.php\/wp-json\/wp\/v2\/users\/3"}],"replies":[{"embeddable":true,"href":"https:\/\/www.radiomais.ao\/index.php\/wp-json\/wp\/v2\/comments?post=5430"}],"version-history":[{"count":1,"href":"https:\/\/www.radiomais.ao\/index.php\/wp-json\/wp\/v2\/posts\/5430\/revisions"}],"predecessor-version":[{"id":5432,"href":"https:\/\/www.radiomais.ao\/index.php\/wp-json\/wp\/v2\/posts\/5430\/revisions\/5432"}],"wp:featuredmedia":[{"embeddable":true,"href":"https:\/\/www.radiomais.ao\/index.php\/wp-json\/wp\/v2\/media\/5431"}],"wp:attachment":[{"href":"https:\/\/www.radiomais.ao\/index.php\/wp-json\/wp\/v2\/media?parent=5430"}],"wp:term":[{"taxonomy":"category","embeddable":true,"href":"https:\/\/www.radiomais.ao\/index.php\/wp-json\/wp\/v2\/categories?post=5430"},{"taxonomy":"post_tag","embeddable":true,"href":"https:\/\/www.radiomais.ao\/index.php\/wp-json\/wp\/v2\/tags?post=5430"}],"curies":[{"name":"wp","href":"https:\/\/api.w.org\/{rel}","templated":true}]}}