{"id":5433,"date":"2026-04-07T10:16:55","date_gmt":"2026-04-07T09:16:55","guid":{"rendered":"https:\/\/www.radiomais.ao\/?p=5433"},"modified":"2026-04-07T10:16:55","modified_gmt":"2026-04-07T09:16:55","slug":"angola-e-emirados-arabes-unidos","status":"publish","type":"post","link":"https:\/\/www.radiomais.ao\/index.php\/2026\/04\/07\/angola-e-emirados-arabes-unidos\/","title":{"rendered":"Angola e Emirados \u00c1rabes Unidos."},"content":{"rendered":"\n<p><strong>No di\u00e1logo mantido com o embaixador dos Emirados \u00c1rabes Unidos (EAU) sobre a a situa\u00e7\u00e3o de guerra no M\u00e9dio Oriente, o ministro T\u00e9te Ant\u00f3nio reiterou a posi\u00e7\u00e3o de Angola que condena todo tipo de viol\u00eancia e defende a necessidade de se encontrarem solu\u00e7\u00f5es pac\u00edficas para os conflitos<\/strong>.<\/p>\n\n\n\n<p>O ministro das Rela\u00e7\u00f5es Exteriores, T\u00e9te Ant\u00f3nio, manteve, ontem, na sede do MIREX, um encontro de trabalho com o embaixador dos Emirados \u00c1rabes Unidos, acreditado em Angola, Salem Khamis Obeid Al Shamsi. Na ocasi\u00e3o, o diplomata dos Emirados \u00c1rabes Unidos transmitiu ao chefe da diplomacia angolana uma mensagem de amizade, apre\u00e7o e solidariedade proveniente do seu hom\u00f3logo dos EAU, refor\u00e7ando os la\u00e7os de coopera\u00e7\u00e3o e entendimento existentes entre os dois pa\u00edses.<\/p>\n\n\n\n<p>O embaixador Salem Khamis Obeid Al Shamsi apresentou igualmente o ponto de situa\u00e7\u00e3o sobre os mais recentes desenvolvimentos relacionados com o conflito que afecta a regi\u00e3o do Golfo e do M\u00e9dio Oriente, destacando os seus impactos na estabilidade regional e internacional. Ler mais em <strong><em><a href=\"https:\/\/www.opais.ao\/politica\/angola-e-emirados-arabes-unidos\/\">Opa\u00eds<\/a><\/em><\/strong><\/p>\n\n\n\n<p><\/p>\n","protected":false},"excerpt":{"rendered":"<p>No di\u00e1logo mantido com o embaixador dos Emirados \u00c1rabes Unidos (EAU) sobre a a situa\u00e7\u00e3o de guerra no M\u00e9dio Oriente, o ministro T\u00e9te Ant\u00f3nio reiterou a posi\u00e7\u00e3o de Angola que condena todo tipo de viol\u00eancia e defende a necessidade de se encontrarem solu\u00e7\u00f5es pac\u00edficas para os conflitos. O ministro das Rela\u00e7\u00f5es Exteriores, T\u00e9te Ant\u00f3nio, manteve, [&hellip;]<\/p>\n","protected":false},"author":3,"featured_media":5434,"comment_status":"open","ping_status":"open","sticky":false,"template":"","format":"standard","meta":{"footnotes":""},"categories":[16],"tags":[2252],"class_list":["post-5433","post","type-post","status-publish","format-standard","has-post-thumbnail","hentry","category-actualidade","tag-angola-e-emirados-arabes-unidos"],"blocksy_meta":[],"_links":{"self":[{"href":"https:\/\/www.radiomais.ao\/index.php\/wp-json\/wp\/v2\/posts\/5433","targetHints":{"allow":["GET"]}}],"collection":[{"href":"https:\/\/www.radiomais.ao\/index.php\/wp-json\/wp\/v2\/posts"}],"about":[{"href":"https:\/\/www.radiomais.ao\/index.php\/wp-json\/wp\/v2\/types\/post"}],"author":[{"embeddable":true,"href":"https:\/\/www.radiomais.ao\/index.php\/wp-json\/wp\/v2\/users\/3"}],"replies":[{"embeddable":true,"href":"https:\/\/www.radiomais.ao\/index.php\/wp-json\/wp\/v2\/comments?post=5433"}],"version-history":[{"count":1,"href":"https:\/\/www.radiomais.ao\/index.php\/wp-json\/wp\/v2\/posts\/5433\/revisions"}],"predecessor-version":[{"id":5435,"href":"https:\/\/www.radiomais.ao\/index.php\/wp-json\/wp\/v2\/posts\/5433\/revisions\/5435"}],"wp:featuredmedia":[{"embeddable":true,"href":"https:\/\/www.radiomais.ao\/index.php\/wp-json\/wp\/v2\/media\/5434"}],"wp:attachment":[{"href":"https:\/\/www.radiomais.ao\/index.php\/wp-json\/wp\/v2\/media?parent=5433"}],"wp:term":[{"taxonomy":"category","embeddable":true,"href":"https:\/\/www.radiomais.ao\/index.php\/wp-json\/wp\/v2\/categories?post=5433"},{"taxonomy":"post_tag","embeddable":true,"href":"https:\/\/www.radiomais.ao\/index.php\/wp-json\/wp\/v2\/tags?post=5433"}],"curies":[{"name":"wp","href":"https:\/\/api.w.org\/{rel}","templated":true}]}}