{"id":5436,"date":"2026-04-07T10:22:42","date_gmt":"2026-04-07T09:22:42","guid":{"rendered":"https:\/\/www.radiomais.ao\/?p=5436"},"modified":"2026-04-07T10:22:42","modified_gmt":"2026-04-07T09:22:42","slug":"mae-acoberta-padrasto-estuprador-da-filha-de-nove-anos-por-dependencia-financeira","status":"publish","type":"post","link":"https:\/\/www.radiomais.ao\/index.php\/2026\/04\/07\/mae-acoberta-padrasto-estuprador-da-filha-de-nove-anos-por-dependencia-financeira\/","title":{"rendered":"M\u00e3e acoberta padrasto estuprador da filha de nove anos por depend\u00eancia financeira."},"content":{"rendered":"\n<p><strong>Uma crian\u00e7a de nove anos foi estuprada pelo padrasto de 36 anos, no munic\u00edpio de Viana. Apesar da gravidade da situa\u00e7\u00e3o, a m\u00e3e da v\u00edtima d\u00e1 cobertura ao padrasto. Os dados constam do balan\u00e7o do SOS- Crian\u00e7a, do Instituto Nacional da Crian\u00e7a (INAC), referente ao per\u00edodo de 19 de Mar\u00e7o a 6 de Abril do corrente ano<\/strong>.<\/p>\n\n\n\n<p>O INAC relata que, no per\u00edodo em ep\u00edgrafe, o SOS-crian\u00e7a recebeu um total de 780 casos de viola\u00e7\u00f5es contra os direitos dos menores em todo territ\u00f3rio nacional, com destaque para as prov\u00edncias do Bengo, Icolo e Bengo, Luanda e Malange.<\/p>\n\n\n\n<p>Destes casos, segundo a porta- voz da institui\u00e7\u00e3o, Rosalina Domingos, 153 s\u00e3o de trabalho infantil, 142 den\u00fancias de fuga a paternidade e disputa de guarda, 74 de viol\u00eancia f\u00edsica e psicol\u00f3gica, 20 casos de abuso sexual, e outros. No quadrante do abuso sexual, na prov\u00edncia de Luanda, propriamente no munic\u00edpio de Viana, destacam-se duas den\u00fancias de abuso sexual, sendo v\u00edtimas duas crian\u00e7as de idade compreendida entre 9 e 15 anos. Ler mais em <strong><em><a href=\"https:\/\/www.opais.ao\/sociedade\/https-www-opais-ao-sociedade-mae-acoberta-padrasto-estuprador-da-filha-de-nove-anos-por-dependencia-financeira\/\">Opa\u00eds<\/a><\/em><\/strong><\/p>\n","protected":false},"excerpt":{"rendered":"<p>Uma crian\u00e7a de nove anos foi estuprada pelo padrasto de 36 anos, no munic\u00edpio de Viana. Apesar da gravidade da situa\u00e7\u00e3o, a m\u00e3e da v\u00edtima d\u00e1 cobertura ao padrasto. Os dados constam do balan\u00e7o do SOS- Crian\u00e7a, do Instituto Nacional da Crian\u00e7a (INAC), referente ao per\u00edodo de 19 de Mar\u00e7o a 6 de Abril do [&hellip;]<\/p>\n","protected":false},"author":3,"featured_media":5437,"comment_status":"open","ping_status":"open","sticky":false,"template":"","format":"standard","meta":{"footnotes":""},"categories":[16],"tags":[2253],"class_list":["post-5436","post","type-post","status-publish","format-standard","has-post-thumbnail","hentry","category-actualidade","tag-mae-acoberta-padrasto-estuprador-da-filha-de-nove-anos-por-dependencia-financeira"],"blocksy_meta":[],"_links":{"self":[{"href":"https:\/\/www.radiomais.ao\/index.php\/wp-json\/wp\/v2\/posts\/5436","targetHints":{"allow":["GET"]}}],"collection":[{"href":"https:\/\/www.radiomais.ao\/index.php\/wp-json\/wp\/v2\/posts"}],"about":[{"href":"https:\/\/www.radiomais.ao\/index.php\/wp-json\/wp\/v2\/types\/post"}],"author":[{"embeddable":true,"href":"https:\/\/www.radiomais.ao\/index.php\/wp-json\/wp\/v2\/users\/3"}],"replies":[{"embeddable":true,"href":"https:\/\/www.radiomais.ao\/index.php\/wp-json\/wp\/v2\/comments?post=5436"}],"version-history":[{"count":1,"href":"https:\/\/www.radiomais.ao\/index.php\/wp-json\/wp\/v2\/posts\/5436\/revisions"}],"predecessor-version":[{"id":5438,"href":"https:\/\/www.radiomais.ao\/index.php\/wp-json\/wp\/v2\/posts\/5436\/revisions\/5438"}],"wp:featuredmedia":[{"embeddable":true,"href":"https:\/\/www.radiomais.ao\/index.php\/wp-json\/wp\/v2\/media\/5437"}],"wp:attachment":[{"href":"https:\/\/www.radiomais.ao\/index.php\/wp-json\/wp\/v2\/media?parent=5436"}],"wp:term":[{"taxonomy":"category","embeddable":true,"href":"https:\/\/www.radiomais.ao\/index.php\/wp-json\/wp\/v2\/categories?post=5436"},{"taxonomy":"post_tag","embeddable":true,"href":"https:\/\/www.radiomais.ao\/index.php\/wp-json\/wp\/v2\/tags?post=5436"}],"curies":[{"name":"wp","href":"https:\/\/api.w.org\/{rel}","templated":true}]}}