{"id":5448,"date":"2026-04-07T11:14:41","date_gmt":"2026-04-07T10:14:41","guid":{"rendered":"https:\/\/www.radiomais.ao\/?p=5448"},"modified":"2026-04-07T11:14:41","modified_gmt":"2026-04-07T10:14:41","slug":"governo-de-benguela-procura-condicoes-para-reassentar-vitimas-das-cheias","status":"publish","type":"post","link":"https:\/\/www.radiomais.ao\/index.php\/2026\/04\/07\/governo-de-benguela-procura-condicoes-para-reassentar-vitimas-das-cheias\/","title":{"rendered":"Governo de Benguela procura condi\u00e7\u00f5es para reassentar v\u00edtimas das cheias."},"content":{"rendered":"\n<p><strong>Face aos estragos causados pelas chuvas do \u00faltimo Domingo, 5, as autoridades governamentais, em Benguela, desdobram-se em uma s\u00e9rie de dilig\u00eancias visando a capta\u00e7\u00e3o de apoio para as milhares de v\u00edtimas. O governador de Benguela, Manuel Nunes J\u00fanior, garante que ningu\u00e9m vai ficar desamparado, numa altura em que as administra\u00e7\u00f5es recebem a log\u00edstica para apoiar funerais das v\u00edtimas, que devem acontecer nos pr\u00f3ximos dias<\/strong>.<\/p>\n\n\n\n<p>O Governo de Benguela, com Manuel Nunes J\u00fanior \u00e0 cabe\u00e7a, continua a contabilizar os danos derrubados das fortes chuvas, acompanhadas de ventos, e, por isso, depois de ter sentado \u00e0 mesma mesa com o elenco governativo, corre, agora, atr\u00e1s de empres\u00e1rios \u00e0 procura de apoios.<\/p>\n\n\n\n<p>Neste momento, conforme informa\u00e7\u00f5es obtidas por este jornal, v\u00e1rios empres\u00e1rios t\u00eam abra\u00e7ado a causa governamental no apoio \u00e0s v\u00edtimas. Empres\u00e1rios emprestaram m\u00e1quinas e outros equipamentos t\u00e9cnicos com os quais se procedem, \u00e0s pressas, \u00e0 limpeza das valas de drenagem, sendo o munic\u00edpio do Lobito aquele com mais quil\u00f3metros de valas por desassorear. Ler mais <strong><em><a href=\"https:\/\/www.opais.ao\/sociedade\/governo-de-benguela-procura-condicoes-para-reassentar-vitimas-das-cheias\/\">Opa\u00eds<\/a><\/em><\/strong><\/p>\n","protected":false},"excerpt":{"rendered":"<p>Face aos estragos causados pelas chuvas do \u00faltimo Domingo, 5, as autoridades governamentais, em Benguela, desdobram-se em uma s\u00e9rie de dilig\u00eancias visando a capta\u00e7\u00e3o de apoio para as milhares de v\u00edtimas. O governador de Benguela, Manuel Nunes J\u00fanior, garante que ningu\u00e9m vai ficar desamparado, numa altura em que as administra\u00e7\u00f5es recebem a log\u00edstica para apoiar [&hellip;]<\/p>\n","protected":false},"author":3,"featured_media":5449,"comment_status":"open","ping_status":"open","sticky":false,"template":"","format":"standard","meta":{"footnotes":""},"categories":[16],"tags":[2257],"class_list":["post-5448","post","type-post","status-publish","format-standard","has-post-thumbnail","hentry","category-actualidade","tag-governo-de-benguela-procura-condicoes-para-reassentar-vitimas-das-cheias"],"blocksy_meta":[],"_links":{"self":[{"href":"https:\/\/www.radiomais.ao\/index.php\/wp-json\/wp\/v2\/posts\/5448","targetHints":{"allow":["GET"]}}],"collection":[{"href":"https:\/\/www.radiomais.ao\/index.php\/wp-json\/wp\/v2\/posts"}],"about":[{"href":"https:\/\/www.radiomais.ao\/index.php\/wp-json\/wp\/v2\/types\/post"}],"author":[{"embeddable":true,"href":"https:\/\/www.radiomais.ao\/index.php\/wp-json\/wp\/v2\/users\/3"}],"replies":[{"embeddable":true,"href":"https:\/\/www.radiomais.ao\/index.php\/wp-json\/wp\/v2\/comments?post=5448"}],"version-history":[{"count":1,"href":"https:\/\/www.radiomais.ao\/index.php\/wp-json\/wp\/v2\/posts\/5448\/revisions"}],"predecessor-version":[{"id":5450,"href":"https:\/\/www.radiomais.ao\/index.php\/wp-json\/wp\/v2\/posts\/5448\/revisions\/5450"}],"wp:featuredmedia":[{"embeddable":true,"href":"https:\/\/www.radiomais.ao\/index.php\/wp-json\/wp\/v2\/media\/5449"}],"wp:attachment":[{"href":"https:\/\/www.radiomais.ao\/index.php\/wp-json\/wp\/v2\/media?parent=5448"}],"wp:term":[{"taxonomy":"category","embeddable":true,"href":"https:\/\/www.radiomais.ao\/index.php\/wp-json\/wp\/v2\/categories?post=5448"},{"taxonomy":"post_tag","embeddable":true,"href":"https:\/\/www.radiomais.ao\/index.php\/wp-json\/wp\/v2\/tags?post=5448"}],"curies":[{"name":"wp","href":"https:\/\/api.w.org\/{rel}","templated":true}]}}