{"id":5568,"date":"2026-04-13T09:58:28","date_gmt":"2026-04-13T08:58:28","guid":{"rendered":"https:\/\/www.radiomais.ao\/?p=5568"},"modified":"2026-04-13T09:58:28","modified_gmt":"2026-04-13T08:58:28","slug":"angola-defende-diplomacia-educativa-como-via-para-a-paz-em-africa","status":"publish","type":"post","link":"https:\/\/www.radiomais.ao\/index.php\/2026\/04\/13\/angola-defende-diplomacia-educativa-como-via-para-a-paz-em-africa\/","title":{"rendered":"Angola defende diplomacia educativa como via para a paz em \u00c1frica."},"content":{"rendered":"\n<p><strong>Angola defende a diplomacia educativa como instrumento estrat\u00e9gico para a promo\u00e7\u00e3o da paz e do desenvolvimento sustent\u00e1vel em \u00c1frica, numa altura em que a explora\u00e7\u00e3o de minerais cr\u00edticos continua a alimentar tens\u00f5es e conflitos no continente<\/strong><\/p>\n\n\n\n<p>A posi\u00e7\u00e3o foi expressa, neste fim-de-semana, em Nova Iorque, pelo ministro das Rela\u00e7\u00f5es Exteriores, T\u00e9te Ant\u00f3nio, durante a sua interven\u00e7\u00e3o no Evento de Lideran\u00e7a de Alto N\u00edvel subordinado ao tema \u201cDiplomacia Educativa para o Desenvolvimento de \u00c1frica: Minerais Cr\u00edticos para o Investimento no Ensino Superior e Desenvolvimento de Infra-estruturas\u201d.<\/p>\n\n\n\n<p>Na ocasi\u00e3o, o governante alertou para o impacto negativo da explora\u00e7\u00e3o ilegal de recursos minerais, com particular incid\u00eancia na regi\u00e3o dos Grandes Lagos, onde a crescente procura por minerais cr\u00edticos tem contribu\u00eddo para o financiamento de conflitos armados, viola\u00e7\u00f5es de direitos humanos e agravamento das tens\u00f5es regionais.<\/p>\n\n\n\n<p>Segundo destacou, a extrac\u00e7\u00e3o e comercializa\u00e7\u00e3o destes recursos t\u00eam igualmente acentuado desigualdades sociais e refor\u00e7ado disputas geopol\u00edticas. Perante este cen\u00e1rio, T\u00e9te Ant\u00f3nio defendeu uma abordagem centrada na educa\u00e7\u00e3o e no desenvolvimento do capital humano, sublinhando o papel do ensino superior na capacita\u00e7\u00e3o da juventude africana e na cria\u00e7\u00e3o de cadeias de valor que permitam o aproveitamento sustent\u00e1vel dos recursos naturais. Ler mais em <strong><em><a href=\"https:\/\/www.opais.ao\/politica\/angola-defende-diplomacia-educativa-como-via-para-a-paz-em-africa\/\">Opa\u00eds<\/a><\/em><\/strong><\/p>\n","protected":false},"excerpt":{"rendered":"<p>Angola defende a diplomacia educativa como instrumento estrat\u00e9gico para a promo\u00e7\u00e3o da paz e do desenvolvimento sustent\u00e1vel em \u00c1frica, numa altura em que a explora\u00e7\u00e3o de minerais cr\u00edticos continua a alimentar tens\u00f5es e conflitos no continente A posi\u00e7\u00e3o foi expressa, neste fim-de-semana, em Nova Iorque, pelo ministro das Rela\u00e7\u00f5es Exteriores, T\u00e9te Ant\u00f3nio, durante a sua [&hellip;]<\/p>\n","protected":false},"author":3,"featured_media":5569,"comment_status":"open","ping_status":"open","sticky":false,"template":"","format":"standard","meta":{"footnotes":""},"categories":[16],"tags":[2305],"class_list":["post-5568","post","type-post","status-publish","format-standard","has-post-thumbnail","hentry","category-actualidade","tag-angola-defende-diplomacia-educativa"],"blocksy_meta":[],"_links":{"self":[{"href":"https:\/\/www.radiomais.ao\/index.php\/wp-json\/wp\/v2\/posts\/5568","targetHints":{"allow":["GET"]}}],"collection":[{"href":"https:\/\/www.radiomais.ao\/index.php\/wp-json\/wp\/v2\/posts"}],"about":[{"href":"https:\/\/www.radiomais.ao\/index.php\/wp-json\/wp\/v2\/types\/post"}],"author":[{"embeddable":true,"href":"https:\/\/www.radiomais.ao\/index.php\/wp-json\/wp\/v2\/users\/3"}],"replies":[{"embeddable":true,"href":"https:\/\/www.radiomais.ao\/index.php\/wp-json\/wp\/v2\/comments?post=5568"}],"version-history":[{"count":1,"href":"https:\/\/www.radiomais.ao\/index.php\/wp-json\/wp\/v2\/posts\/5568\/revisions"}],"predecessor-version":[{"id":5570,"href":"https:\/\/www.radiomais.ao\/index.php\/wp-json\/wp\/v2\/posts\/5568\/revisions\/5570"}],"wp:featuredmedia":[{"embeddable":true,"href":"https:\/\/www.radiomais.ao\/index.php\/wp-json\/wp\/v2\/media\/5569"}],"wp:attachment":[{"href":"https:\/\/www.radiomais.ao\/index.php\/wp-json\/wp\/v2\/media?parent=5568"}],"wp:term":[{"taxonomy":"category","embeddable":true,"href":"https:\/\/www.radiomais.ao\/index.php\/wp-json\/wp\/v2\/categories?post=5568"},{"taxonomy":"post_tag","embeddable":true,"href":"https:\/\/www.radiomais.ao\/index.php\/wp-json\/wp\/v2\/tags?post=5568"}],"curies":[{"name":"wp","href":"https:\/\/api.w.org\/{rel}","templated":true}]}}