{"id":5571,"date":"2026-04-13T10:04:05","date_gmt":"2026-04-13T09:04:05","guid":{"rendered":"https:\/\/www.radiomais.ao\/?p=5571"},"modified":"2026-04-13T10:04:05","modified_gmt":"2026-04-13T09:04:05","slug":"csmj-da-inicio-a-concurso-publico-para-presidentes-das-comissoes-provinciais-eleitorais","status":"publish","type":"post","link":"https:\/\/www.radiomais.ao\/index.php\/2026\/04\/13\/csmj-da-inicio-a-concurso-publico-para-presidentes-das-comissoes-provinciais-eleitorais\/","title":{"rendered":"CSMJ d\u00e1 in\u00edcio a concurso p\u00fablico para presidentes das comiss\u00f5es provinciais eleitorais."},"content":{"rendered":"\n<p><strong>O Conselho Superior da Magistratura Judicial (CSMJ) anunciou, neste domingo, 12, a abertura de um concurso curricular para o provimento de 21 vagas de presidentes das comiss\u00f5es provinciais eleitorais<\/strong><\/p>\n\n\n\n<p>A decis\u00e3o foi tomada durante a 4.\u00aa Sess\u00e3o Extraordin\u00e1ria do Plen\u00e1rio, realizada a 8 de Abril de 2026, tendo em conta o termo dos mandatos dos actuais respons\u00e1veis e a necessidade de refor\u00e7ar a estrutura eleitoral ao n\u00edvel provincial. De acordo com uma nota oficial, podem candidatar-se magistrados judiciais ou cidad\u00e3os residentes nas respectivas prov\u00edncias, desde que re\u00fanam m\u00e9rito t\u00e9cnico, idoneidade moral e reputa\u00e7\u00e3o compat\u00edvel com o exerc\u00edcio de fun\u00e7\u00f5es p\u00fablicas.<\/p>\n\n\n\n<p>Entre os requisitos exigidos constam idade m\u00ednima de 35 anos, pleno gozo dos direitos civis e pol\u00edticos e inexist\u00eancia de condena\u00e7\u00e3o por crime doloso incompat\u00edvel com fun\u00e7\u00f5es p\u00fablicas. As candidaturas devem ser formalizadas por requerimento dirigido ao presidente do CSMJ, no prazo de 15 dias \u00fateis, contados a partir da segunda publica\u00e7\u00e3o do an\u00fancio no Jornal de Angola, acompanhadas da documenta\u00e7\u00e3o exigida.<\/p>\n\n\n\n<p>O concurso tem natureza exclusivamente curricular e rege- se pelos princ\u00edpios da legalidade, igualdade, imparcialidade, transpar\u00eancia, m\u00e9rito e publicidade. A avalia\u00e7\u00e3o dos candidatos ser\u00e1 feita numa escala de 0 a 100 pontos, com maior peso para a experi\u00eancia na condu\u00e7\u00e3o de processos eleitorais (40%), seguida da antiguidade em fun\u00e7\u00f5es p\u00fablicas (25%), m\u00e9rito profissional (15%), forma\u00e7\u00e3o acad\u00e9mica (10%) e outras actividades relevantes (10%), como doc\u00eancia e participa\u00e7\u00e3o em miss\u00f5es de observa\u00e7\u00e3o eleitoral.<\/p>\n","protected":false},"excerpt":{"rendered":"<p>O Conselho Superior da Magistratura Judicial (CSMJ) anunciou, neste domingo, 12, a abertura de um concurso curricular para o provimento de 21 vagas de presidentes das comiss\u00f5es provinciais eleitorais A decis\u00e3o foi tomada durante a 4.\u00aa Sess\u00e3o Extraordin\u00e1ria do Plen\u00e1rio, realizada a 8 de Abril de 2026, tendo em conta o termo dos mandatos dos [&hellip;]<\/p>\n","protected":false},"author":3,"featured_media":5572,"comment_status":"open","ping_status":"open","sticky":false,"template":"","format":"standard","meta":{"footnotes":""},"categories":[16],"tags":[2306],"class_list":["post-5571","post","type-post","status-publish","format-standard","has-post-thumbnail","hentry","category-actualidade","tag-csmj-da-inicio-a-concurso-publico"],"blocksy_meta":[],"_links":{"self":[{"href":"https:\/\/www.radiomais.ao\/index.php\/wp-json\/wp\/v2\/posts\/5571","targetHints":{"allow":["GET"]}}],"collection":[{"href":"https:\/\/www.radiomais.ao\/index.php\/wp-json\/wp\/v2\/posts"}],"about":[{"href":"https:\/\/www.radiomais.ao\/index.php\/wp-json\/wp\/v2\/types\/post"}],"author":[{"embeddable":true,"href":"https:\/\/www.radiomais.ao\/index.php\/wp-json\/wp\/v2\/users\/3"}],"replies":[{"embeddable":true,"href":"https:\/\/www.radiomais.ao\/index.php\/wp-json\/wp\/v2\/comments?post=5571"}],"version-history":[{"count":1,"href":"https:\/\/www.radiomais.ao\/index.php\/wp-json\/wp\/v2\/posts\/5571\/revisions"}],"predecessor-version":[{"id":5573,"href":"https:\/\/www.radiomais.ao\/index.php\/wp-json\/wp\/v2\/posts\/5571\/revisions\/5573"}],"wp:featuredmedia":[{"embeddable":true,"href":"https:\/\/www.radiomais.ao\/index.php\/wp-json\/wp\/v2\/media\/5572"}],"wp:attachment":[{"href":"https:\/\/www.radiomais.ao\/index.php\/wp-json\/wp\/v2\/media?parent=5571"}],"wp:term":[{"taxonomy":"category","embeddable":true,"href":"https:\/\/www.radiomais.ao\/index.php\/wp-json\/wp\/v2\/categories?post=5571"},{"taxonomy":"post_tag","embeddable":true,"href":"https:\/\/www.radiomais.ao\/index.php\/wp-json\/wp\/v2\/tags?post=5571"}],"curies":[{"name":"wp","href":"https:\/\/api.w.org\/{rel}","templated":true}]}}