{"id":5574,"date":"2026-04-13T10:12:42","date_gmt":"2026-04-13T09:12:42","guid":{"rendered":"https:\/\/www.radiomais.ao\/?p=5574"},"modified":"2026-04-13T10:12:42","modified_gmt":"2026-04-13T09:12:42","slug":"executivo-avalia-condicoes-logisticas-e-de-seguranca-para-a-visita-do-papa-leao-xiv","status":"publish","type":"post","link":"https:\/\/www.radiomais.ao\/index.php\/2026\/04\/13\/executivo-avalia-condicoes-logisticas-e-de-seguranca-para-a-visita-do-papa-leao-xiv\/","title":{"rendered":"Executivo avalia condi\u00e7\u00f5es log\u00edsticas e de seguran\u00e7a para a visita do papa le\u00e3o XIV."},"content":{"rendered":"\n<p>No \u00e2mbito dos preparativos para a visita oficial do Papa Le\u00e3o XIV \u00e0 Rep\u00fablica de Angola, o Presidente da Rep\u00fablica, Jo\u00e3o Louren\u00e7o, orientou a terceira reuni\u00e3o com a Comiss\u00e3o Multissectorial encarregue pela prepara\u00e7\u00e3o da referida visita. Durante o encontro, foram avaliados os principais aspectos log\u00edsticos de seguran\u00e7a e mobiliza\u00e7\u00e3o institucional, com destaque para a coordena\u00e7\u00e3o entre os diferentes \u00f3rg\u00e3os do Estado e a Igreja Cat\u00f3lica, visando garantir o sucesso da visita papal.<\/p>\n\n\n\n<p>A reuni\u00e3o serviu igualmente para alinhar o programa oficial, incluindo poss\u00edveis encontros com autoridades, l\u00edderes religiosos e sociedade civil, bem como momentos de celebra\u00e7\u00e3o e ora\u00e7\u00e3o que dever\u00e3o marcar a passagem do Santo Padre pelo pa\u00eds.<\/p>\n\n\n\n<p>O Papa Le\u00e3o XIV visita Angola de 18 a 21 de Abril. Al\u00e9m da prov\u00edncia de Luanda, o Papa Le\u00e3o XIV vai deslocar-se, igualmente, \u00e0 prov\u00edncia de Icolo e Bengo, onde ser\u00e1 recebido por peregrinos do Santu\u00e1rio da Muxima, e \u00e0 cidade de Saurimo, prov\u00edncia da Lunda-Sul. Ler mais em<strong><em><a href=\"https:\/\/www.opais.ao\/politica\/executivo-avalia-condicoes-logisticas-e-de-seguranca-para-a-visita-do-papa-leao-xiv\/\"> O pa\u00eds<\/a><\/em><\/strong><\/p>\n","protected":false},"excerpt":{"rendered":"<p>No \u00e2mbito dos preparativos para a visita oficial do Papa Le\u00e3o XIV \u00e0 Rep\u00fablica de Angola, o Presidente da Rep\u00fablica, Jo\u00e3o Louren\u00e7o, orientou a terceira reuni\u00e3o com a Comiss\u00e3o Multissectorial encarregue pela prepara\u00e7\u00e3o da referida visita. Durante o encontro, foram avaliados os principais aspectos log\u00edsticos de seguran\u00e7a e mobiliza\u00e7\u00e3o institucional, com destaque para a coordena\u00e7\u00e3o [&hellip;]<\/p>\n","protected":false},"author":3,"featured_media":5575,"comment_status":"open","ping_status":"open","sticky":false,"template":"","format":"standard","meta":{"footnotes":""},"categories":[16],"tags":[2307],"class_list":["post-5574","post","type-post","status-publish","format-standard","has-post-thumbnail","hentry","category-actualidade","tag-executivo-avalia-condicoes-logisticas-e-de-seguranca-para-a-visita-do-papa-leao-xiv"],"blocksy_meta":[],"_links":{"self":[{"href":"https:\/\/www.radiomais.ao\/index.php\/wp-json\/wp\/v2\/posts\/5574","targetHints":{"allow":["GET"]}}],"collection":[{"href":"https:\/\/www.radiomais.ao\/index.php\/wp-json\/wp\/v2\/posts"}],"about":[{"href":"https:\/\/www.radiomais.ao\/index.php\/wp-json\/wp\/v2\/types\/post"}],"author":[{"embeddable":true,"href":"https:\/\/www.radiomais.ao\/index.php\/wp-json\/wp\/v2\/users\/3"}],"replies":[{"embeddable":true,"href":"https:\/\/www.radiomais.ao\/index.php\/wp-json\/wp\/v2\/comments?post=5574"}],"version-history":[{"count":1,"href":"https:\/\/www.radiomais.ao\/index.php\/wp-json\/wp\/v2\/posts\/5574\/revisions"}],"predecessor-version":[{"id":5576,"href":"https:\/\/www.radiomais.ao\/index.php\/wp-json\/wp\/v2\/posts\/5574\/revisions\/5576"}],"wp:featuredmedia":[{"embeddable":true,"href":"https:\/\/www.radiomais.ao\/index.php\/wp-json\/wp\/v2\/media\/5575"}],"wp:attachment":[{"href":"https:\/\/www.radiomais.ao\/index.php\/wp-json\/wp\/v2\/media?parent=5574"}],"wp:term":[{"taxonomy":"category","embeddable":true,"href":"https:\/\/www.radiomais.ao\/index.php\/wp-json\/wp\/v2\/categories?post=5574"},{"taxonomy":"post_tag","embeddable":true,"href":"https:\/\/www.radiomais.ao\/index.php\/wp-json\/wp\/v2\/tags?post=5574"}],"curies":[{"name":"wp","href":"https:\/\/api.w.org\/{rel}","templated":true}]}}