{"id":5580,"date":"2026-04-13T10:29:26","date_gmt":"2026-04-13T09:29:26","guid":{"rendered":"https:\/\/www.radiomais.ao\/?p=5580"},"modified":"2026-04-13T10:29:26","modified_gmt":"2026-04-13T09:29:26","slug":"gestor-do-terminal-de-aguas-profundas-do-caio-em-cabinda-pode-ser-anunciado-a-partir-de-agosto-do-corrente-ano","status":"publish","type":"post","link":"https:\/\/www.radiomais.ao\/index.php\/2026\/04\/13\/gestor-do-terminal-de-aguas-profundas-do-caio-em-cabinda-pode-ser-anunciado-a-partir-de-agosto-do-corrente-ano\/","title":{"rendered":"Gestor do terminal de \u00c1guas Profundas do caio em cabinda pode ser anunciado a partir de agosto do corrente ano."},"content":{"rendered":"\n<p><strong>A partir do pr\u00f3ximo m\u00eas de agosto do corrente ano, o Executivo, atrav\u00e9s do Minist\u00e9rio dos transportes, dever\u00e1 anunciar a empresa privada que vai gerir o terminal de \u00c1guas profundas do caio, em constru\u00e7\u00e3o na prov\u00edncia de cabinda, e que dever\u00e1 entrar em funcionamento brevemente. A concess\u00e3o ter\u00e1 a dura\u00e7\u00e3o de 20 anos e abrange os direitos de utiliza\u00e7\u00e3o e explora\u00e7\u00e3o dos bens do dom\u00ednio p\u00fablico portu\u00e1rio afectos ao terminal<\/strong><\/p>\n\n\n\n<p>O Concurso P\u00fablico Internacional para a concess\u00e3o do Servi\u00e7o P\u00fablico de Gest\u00e3o, Manuten\u00e7\u00e3o e Explora\u00e7\u00e3o do Terminal de \u00c1guas Profundas do Caio foi lan\u00e7ado na quinta-feira em Cabinda pelo ministro dos Transportes, Ricardo Veigas d\u2019Abreu. O processo de concorr\u00eancia est\u00e1 aberto e habilitado a operadores portu\u00e1rios e cons\u00f3rcios nacionais e internacionais num quadro de rigor, previsibilidade e estabilidade contratual.<\/p>\n\n\n\n<p>As propostas devem ser apresentadas at\u00e9 ao dia 27 de Julho de 2026. O concurso destina-se a operadores ou cons\u00f3rcios com comprovada experi\u00eancia na gest\u00e3o de terminais portu\u00e1rios internacionais. S\u00e3o exigidos requisitos de qualifica\u00e7\u00e3o t\u00e9cnica, financeira e operacional, incluindo experi\u00eancia relevante em concess\u00f5es portu\u00e1rias, robustez financeira e capacidade comprovada de gest\u00e3o de volumes significativos de carga.<\/p>\n\n\n\n<p>Entre os principais crit\u00e9rios de avalia\u00e7\u00e3o, destacam-se o valor do pr\u00e9mio da concess\u00e3o e a qualidade das propostas t\u00e9cnicas, nomeadamente o Plano de Desenvolvimento e o Plano de Opera\u00e7\u00f5es e Gest\u00e3o. O projecto insere-se numa vis\u00e3o integrada de desenvolvimento do corredor log\u00edstico do Norte, articulando infra-estruturas portu\u00e1rias, ferrovi\u00e1rias e fronteiri\u00e7as, com o objectivo de refor\u00e7ar a conectividade regional e a competitividade econ\u00f3mica.<\/p>\n","protected":false},"excerpt":{"rendered":"<p>A partir do pr\u00f3ximo m\u00eas de agosto do corrente ano, o Executivo, atrav\u00e9s do Minist\u00e9rio dos transportes, dever\u00e1 anunciar a empresa privada que vai gerir o terminal de \u00c1guas profundas do caio, em constru\u00e7\u00e3o na prov\u00edncia de cabinda, e que dever\u00e1 entrar em funcionamento brevemente. A concess\u00e3o ter\u00e1 a dura\u00e7\u00e3o de 20 anos e abrange [&hellip;]<\/p>\n","protected":false},"author":3,"featured_media":5581,"comment_status":"open","ping_status":"open","sticky":false,"template":"","format":"standard","meta":{"footnotes":""},"categories":[16],"tags":[2309],"class_list":["post-5580","post","type-post","status-publish","format-standard","has-post-thumbnail","hentry","category-actualidade","tag-gestor-do-terminal-de-aguas-profundas-do-caio-em-cabinda-pode-ser-anunciado-a-partir-de-agosto-do-corrente-ano"],"blocksy_meta":[],"_links":{"self":[{"href":"https:\/\/www.radiomais.ao\/index.php\/wp-json\/wp\/v2\/posts\/5580","targetHints":{"allow":["GET"]}}],"collection":[{"href":"https:\/\/www.radiomais.ao\/index.php\/wp-json\/wp\/v2\/posts"}],"about":[{"href":"https:\/\/www.radiomais.ao\/index.php\/wp-json\/wp\/v2\/types\/post"}],"author":[{"embeddable":true,"href":"https:\/\/www.radiomais.ao\/index.php\/wp-json\/wp\/v2\/users\/3"}],"replies":[{"embeddable":true,"href":"https:\/\/www.radiomais.ao\/index.php\/wp-json\/wp\/v2\/comments?post=5580"}],"version-history":[{"count":1,"href":"https:\/\/www.radiomais.ao\/index.php\/wp-json\/wp\/v2\/posts\/5580\/revisions"}],"predecessor-version":[{"id":5582,"href":"https:\/\/www.radiomais.ao\/index.php\/wp-json\/wp\/v2\/posts\/5580\/revisions\/5582"}],"wp:featuredmedia":[{"embeddable":true,"href":"https:\/\/www.radiomais.ao\/index.php\/wp-json\/wp\/v2\/media\/5581"}],"wp:attachment":[{"href":"https:\/\/www.radiomais.ao\/index.php\/wp-json\/wp\/v2\/media?parent=5580"}],"wp:term":[{"taxonomy":"category","embeddable":true,"href":"https:\/\/www.radiomais.ao\/index.php\/wp-json\/wp\/v2\/categories?post=5580"},{"taxonomy":"post_tag","embeddable":true,"href":"https:\/\/www.radiomais.ao\/index.php\/wp-json\/wp\/v2\/tags?post=5580"}],"curies":[{"name":"wp","href":"https:\/\/api.w.org\/{rel}","templated":true}]}}