{"id":5583,"date":"2026-04-13T10:37:42","date_gmt":"2026-04-13T09:37:42","guid":{"rendered":"https:\/\/www.radiomais.ao\/?p=5583"},"modified":"2026-04-13T10:37:42","modified_gmt":"2026-04-13T09:37:42","slug":"joao-baptista-borges-visita-areas-afectadas-por-vandalismo-e-condena-ataques-ao-sistema-electrico","status":"publish","type":"post","link":"https:\/\/www.radiomais.ao\/index.php\/2026\/04\/13\/joao-baptista-borges-visita-areas-afectadas-por-vandalismo-e-condena-ataques-ao-sistema-electrico\/","title":{"rendered":"Jo\u00e3o Baptista Borges visita \u00e1reas afectadas por vandalismo e condena ataques ao sistema el\u00e9ctrico."},"content":{"rendered":"\n<p>O ministro da Energia e \u00c1guas, Jo\u00e3o Baptista Borges, realizou, neste Domingo, 11, uma visita de constata\u00e7\u00e3o \u00e0s zonas de Cacuaco e Vida Pac\u00edfica, ap\u00f3s actos de vandalismo que atingiram sete torres de transporte de electricidade, provocando s\u00e9rias interrup\u00e7\u00f5es no fornecimento de energia.<\/p>\n\n\n\n<p>Os incidentes, registados no dia anterior, deixaram mais de 45 mil fam\u00edlias sem energia el\u00e9ctrica, afectando directamente \u00e1reas como Vida Pac\u00edfica, parte do Zango Zero, bem como bairros dos munic\u00edpios do Cazenga, Sambizanga, Mutamba, Praia do Bispo, Val\u00f3dia e S\u00e3o Paulo. A situa\u00e7\u00e3o gerou constrangimentos significativos para servi\u00e7os p\u00fablicos, com\u00e9rcio e actividades econ\u00f3micas.<\/p>\n\n\n\n<p>Durante a visita, o governante acompanhou no terreno os trabalhos das equipas t\u00e9cnicas destacadas para a reposi\u00e7\u00e3o das infra-estruturas danificadas e orientou maior celeridade nas opera\u00e7\u00f5es, com vista \u00e0 normaliza\u00e7\u00e3o gradual do sistema el\u00e9ctrico.<\/p>\n\n\n\n<p>Em declara\u00e7\u00f5es, Jo\u00e3o Baptista Borges condenou com firmeza os actos, classificando-os como crimes graves contra o patrim\u00f3nio p\u00fablico e os interesses colectivos.<\/p>\n\n\n\n<p>Segundo o ministro, ataques a infra-estruturas el\u00e9ctricas estrat\u00e9gicas t\u00eam impacto directo na vida de milhares de cidad\u00e3os, afectando servi\u00e7os essenciais como hospitais, escolas e empresas.<\/p>\n\n\n\n<p>O respons\u00e1vel destacou ainda que a destrui\u00e7\u00e3o de torres de transporte representa custos elevados para o Estado, al\u00e9m de comprometer o desenvolvimento e agravar as dificuldades das popula\u00e7\u00f5es afectadas.<\/p>\n\n\n\n<p>O Minist\u00e9rio da Energia e \u00c1guas apelou \u00e0 colabora\u00e7\u00e3o das comunidades e das lideran\u00e7as locais no refor\u00e7o da vigil\u00e2ncia e na den\u00fancia de actividades suspeitas, sublinhando que a protec\u00e7\u00e3o dos bens p\u00fablicos \u00e9 uma responsabilidade partilhada.<\/p>\n\n\n\n<p>A institui\u00e7\u00e3o assegura que continuar\u00e1 a trabalhar em articula\u00e7\u00e3o com outros \u00f3rg\u00e3os do Estado para refor\u00e7ar a seguran\u00e7a da rede el\u00e9ctrica nacional, responsabilizar os autores dos actos e acelerar investimentos que garantam maior robustez e fiabilidade do sistema.<\/p>\n","protected":false},"excerpt":{"rendered":"<p>O ministro da Energia e \u00c1guas, Jo\u00e3o Baptista Borges, realizou, neste Domingo, 11, uma visita de constata\u00e7\u00e3o \u00e0s zonas de Cacuaco e Vida Pac\u00edfica, ap\u00f3s actos de vandalismo que atingiram sete torres de transporte de electricidade, provocando s\u00e9rias interrup\u00e7\u00f5es no fornecimento de energia. Os incidentes, registados no dia anterior, deixaram mais de 45 mil fam\u00edlias [&hellip;]<\/p>\n","protected":false},"author":3,"featured_media":5584,"comment_status":"open","ping_status":"open","sticky":false,"template":"","format":"standard","meta":{"footnotes":""},"categories":[16],"tags":[2310],"class_list":["post-5583","post","type-post","status-publish","format-standard","has-post-thumbnail","hentry","category-actualidade","tag-joao-baptista-borges-visita-areas-afectadas-por-vandalismo"],"blocksy_meta":[],"_links":{"self":[{"href":"https:\/\/www.radiomais.ao\/index.php\/wp-json\/wp\/v2\/posts\/5583","targetHints":{"allow":["GET"]}}],"collection":[{"href":"https:\/\/www.radiomais.ao\/index.php\/wp-json\/wp\/v2\/posts"}],"about":[{"href":"https:\/\/www.radiomais.ao\/index.php\/wp-json\/wp\/v2\/types\/post"}],"author":[{"embeddable":true,"href":"https:\/\/www.radiomais.ao\/index.php\/wp-json\/wp\/v2\/users\/3"}],"replies":[{"embeddable":true,"href":"https:\/\/www.radiomais.ao\/index.php\/wp-json\/wp\/v2\/comments?post=5583"}],"version-history":[{"count":1,"href":"https:\/\/www.radiomais.ao\/index.php\/wp-json\/wp\/v2\/posts\/5583\/revisions"}],"predecessor-version":[{"id":5585,"href":"https:\/\/www.radiomais.ao\/index.php\/wp-json\/wp\/v2\/posts\/5583\/revisions\/5585"}],"wp:featuredmedia":[{"embeddable":true,"href":"https:\/\/www.radiomais.ao\/index.php\/wp-json\/wp\/v2\/media\/5584"}],"wp:attachment":[{"href":"https:\/\/www.radiomais.ao\/index.php\/wp-json\/wp\/v2\/media?parent=5583"}],"wp:term":[{"taxonomy":"category","embeddable":true,"href":"https:\/\/www.radiomais.ao\/index.php\/wp-json\/wp\/v2\/categories?post=5583"},{"taxonomy":"post_tag","embeddable":true,"href":"https:\/\/www.radiomais.ao\/index.php\/wp-json\/wp\/v2\/tags?post=5583"}],"curies":[{"name":"wp","href":"https:\/\/api.w.org\/{rel}","templated":true}]}}