{"id":5614,"date":"2026-04-14T10:51:18","date_gmt":"2026-04-14T09:51:18","guid":{"rendered":"https:\/\/www.radiomais.ao\/?p=5614"},"modified":"2026-04-14T10:51:18","modified_gmt":"2026-04-14T09:51:18","slug":"antigo-ministro-do-interior-assume-governacao-da-provincia-do-cuanza-sul","status":"publish","type":"post","link":"https:\/\/www.radiomais.ao\/index.php\/2026\/04\/14\/antigo-ministro-do-interior-assume-governacao-da-provincia-do-cuanza-sul\/","title":{"rendered":"Antigo ministro do Interior assume governa\u00e7\u00e3o da prov\u00edncia do Cuanza- Sul."},"content":{"rendered":"\n<p>Depois de j\u00e1 ter servido ao pa\u00eds como ministro do Interior e governador de Cabinda, Eug\u00e9nio C\u00e9sar Laborinho foi, ontem, 13, nomeado pelo Presidente da Rep\u00fablica, Jo\u00e3o Manuel Gon\u00e7alves Louren\u00e7o, governador da prov\u00edncia do Cuanza -Sul por conveni\u00eancia de servi\u00e7o, ao passo que Narciso Dam\u00e1sio dos Santos Benedito foi exonerado da mesma fun\u00e7\u00e3o O Presidente da Rep\u00fablica exonerou tamb\u00e9m Ant\u00f3nio Gilberto Augusto Matias do cargo de Vice-Governador da prov\u00edncia do Cunene para os Servi\u00e7os T\u00e9cnicos e Infra-Estruturas, tendo nomeado para a mesma fun\u00e7\u00e3o Generoso Cl\u00e1udio Kondjasili.<\/p>\n\n\n\n<p>Num outro decreto igualmente assinado ontem, o Presidente da Rep\u00fablica, Jo\u00e3o Manuel Gon\u00e7alves Louren\u00e7o, deu por findo o mandato de Hermenegildo Oseias Fernando Cachimbombo do cargo de Administrador N\u00e3o-executivo do Conselho de Administra\u00e7\u00e3o do Banco Nacional de Angola (BNA), e, para desempenhar a mesma fun\u00e7\u00e3o, o Chefe de Estado nomeou Gilberto Rodrigues Caliatu.<\/p>\n\n\n\n<p>As mudan\u00e7as nas posi\u00e7\u00f5es de lideran\u00e7a reflectem a inten\u00e7\u00e3o do Executivo em promover efici\u00eancia e inova\u00e7\u00e3o nas institui\u00e7\u00f5es p\u00fablicas. A expectativa \u00e9 que os novos nomeados tragam suas experi\u00eancias para enfrentar os desafios actuais e contribuir para o desenvolvimento econ\u00f3mico e social do pa\u00eds.<\/p>\n","protected":false},"excerpt":{"rendered":"<p>Depois de j\u00e1 ter servido ao pa\u00eds como ministro do Interior e governador de Cabinda, Eug\u00e9nio C\u00e9sar Laborinho foi, ontem, 13, nomeado pelo Presidente da Rep\u00fablica, Jo\u00e3o Manuel Gon\u00e7alves Louren\u00e7o, governador da prov\u00edncia do Cuanza -Sul por conveni\u00eancia de servi\u00e7o, ao passo que Narciso Dam\u00e1sio dos Santos Benedito foi exonerado da mesma fun\u00e7\u00e3o O Presidente [&hellip;]<\/p>\n","protected":false},"author":3,"featured_media":5615,"comment_status":"open","ping_status":"open","sticky":false,"template":"","format":"standard","meta":{"footnotes":""},"categories":[16],"tags":[2318],"class_list":["post-5614","post","type-post","status-publish","format-standard","has-post-thumbnail","hentry","category-actualidade","tag-antigo-ministro-do-interior-assume-governacao-da-provincia-do-cuanza-sul"],"blocksy_meta":[],"_links":{"self":[{"href":"https:\/\/www.radiomais.ao\/index.php\/wp-json\/wp\/v2\/posts\/5614","targetHints":{"allow":["GET"]}}],"collection":[{"href":"https:\/\/www.radiomais.ao\/index.php\/wp-json\/wp\/v2\/posts"}],"about":[{"href":"https:\/\/www.radiomais.ao\/index.php\/wp-json\/wp\/v2\/types\/post"}],"author":[{"embeddable":true,"href":"https:\/\/www.radiomais.ao\/index.php\/wp-json\/wp\/v2\/users\/3"}],"replies":[{"embeddable":true,"href":"https:\/\/www.radiomais.ao\/index.php\/wp-json\/wp\/v2\/comments?post=5614"}],"version-history":[{"count":1,"href":"https:\/\/www.radiomais.ao\/index.php\/wp-json\/wp\/v2\/posts\/5614\/revisions"}],"predecessor-version":[{"id":5616,"href":"https:\/\/www.radiomais.ao\/index.php\/wp-json\/wp\/v2\/posts\/5614\/revisions\/5616"}],"wp:featuredmedia":[{"embeddable":true,"href":"https:\/\/www.radiomais.ao\/index.php\/wp-json\/wp\/v2\/media\/5615"}],"wp:attachment":[{"href":"https:\/\/www.radiomais.ao\/index.php\/wp-json\/wp\/v2\/media?parent=5614"}],"wp:term":[{"taxonomy":"category","embeddable":true,"href":"https:\/\/www.radiomais.ao\/index.php\/wp-json\/wp\/v2\/categories?post=5614"},{"taxonomy":"post_tag","embeddable":true,"href":"https:\/\/www.radiomais.ao\/index.php\/wp-json\/wp\/v2\/tags?post=5614"}],"curies":[{"name":"wp","href":"https:\/\/api.w.org\/{rel}","templated":true}]}}