{"id":5617,"date":"2026-04-14T11:00:32","date_gmt":"2026-04-14T10:00:32","guid":{"rendered":"https:\/\/www.radiomais.ao\/?p=5617"},"modified":"2026-04-14T11:00:32","modified_gmt":"2026-04-14T10:00:32","slug":"vice-presidente-da-republica-orienta-1a-sessao-ordinaria-do-conselho-de-aguas","status":"publish","type":"post","link":"https:\/\/www.radiomais.ao\/index.php\/2026\/04\/14\/vice-presidente-da-republica-orienta-1a-sessao-ordinaria-do-conselho-de-aguas\/","title":{"rendered":"Vice-presidente da Rep\u00fablica orienta 1\u00aa Sess\u00e3o Ordin\u00e1ria do Conselho de \u00c1guas."},"content":{"rendered":"\n<p>A vice-presidente da Rep\u00fablica, Esperan\u00e7a da Costa, orientou, esta segunda-feira, 13, em Luanda, a 1.\u00aa Sess\u00e3o Ordin\u00e1ria do Conselho Nacional de \u00c1guas, onde foram abordados v\u00e1rios temas atinentes ao sector h\u00eddrico do pa\u00eds.<\/p>\n\n\n\n<p>Durante o encontro foi apreciado e aprovado o projecto s\u00edntese de acta da II.\u00aa Sess\u00e3o Plen\u00e1ria Ordin\u00e1ria do Conselho Nacional de \u00c1guas, assim como procedeu-se \u00e0 aprecia\u00e7\u00e3o do grau de cumprimento das delibera\u00e7\u00f5es e recomenda\u00e7\u00f5es sa\u00eddas da II.\u00aa Sess\u00e3o Ordin\u00e1ria do Conselho.<\/p>\n\n\n\n<p>Foram ainda apreciados o relat\u00f3rio de actividades do Conselho, referente ao ano de 2025, e a aprecia\u00e7\u00e3o da proposta do plano de actividades para o ano em curso, bem como o ponto de situa\u00e7\u00e3o sobre a protec\u00e7\u00e3o de \u00e1reas de recargas e zonas de vulnerabilidade de aqu\u00edferos em Angola.<\/p>\n\n\n\n<p>Sob a coordena\u00e7\u00e3o da vice-presidente da Rep\u00fablica, o Conselho Nacional de \u00c1guas \u00e9 um \u00f3rg\u00e3o permanente de car\u00e1cter consultivo do Chefe do Executivo, respons\u00e1vel por articular os diferentes departamentos ministeriais ligados ao planeamento, \u00e0 gest\u00e3o e \u00e0 utiliza\u00e7\u00e3o dos recursos h\u00eddricos, no contexto das bacias hidrogr\u00e1ficas. Ler mais em<strong><em><a href=\"https:\/\/www.opais.ao\/politica\/vice-presidente-da-republica-orienta-1a-sessao-ordinaria-do-conselho-de-aguas\/\"> Opa\u00eds<\/a><\/em><\/strong><\/p>\n\n\n\n<p><\/p>\n","protected":false},"excerpt":{"rendered":"<p>A vice-presidente da Rep\u00fablica, Esperan\u00e7a da Costa, orientou, esta segunda-feira, 13, em Luanda, a 1.\u00aa Sess\u00e3o Ordin\u00e1ria do Conselho Nacional de \u00c1guas, onde foram abordados v\u00e1rios temas atinentes ao sector h\u00eddrico do pa\u00eds. Durante o encontro foi apreciado e aprovado o projecto s\u00edntese de acta da II.\u00aa Sess\u00e3o Plen\u00e1ria Ordin\u00e1ria do Conselho Nacional de \u00c1guas, [&hellip;]<\/p>\n","protected":false},"author":3,"featured_media":5618,"comment_status":"open","ping_status":"open","sticky":false,"template":"","format":"standard","meta":{"footnotes":""},"categories":[16],"tags":[2319],"class_list":["post-5617","post","type-post","status-publish","format-standard","has-post-thumbnail","hentry","category-actualidade","tag-vice-presidente-da-republica-orienta-1a-sessao-ordinaria-do-conselho-de-aguas"],"blocksy_meta":[],"_links":{"self":[{"href":"https:\/\/www.radiomais.ao\/index.php\/wp-json\/wp\/v2\/posts\/5617","targetHints":{"allow":["GET"]}}],"collection":[{"href":"https:\/\/www.radiomais.ao\/index.php\/wp-json\/wp\/v2\/posts"}],"about":[{"href":"https:\/\/www.radiomais.ao\/index.php\/wp-json\/wp\/v2\/types\/post"}],"author":[{"embeddable":true,"href":"https:\/\/www.radiomais.ao\/index.php\/wp-json\/wp\/v2\/users\/3"}],"replies":[{"embeddable":true,"href":"https:\/\/www.radiomais.ao\/index.php\/wp-json\/wp\/v2\/comments?post=5617"}],"version-history":[{"count":1,"href":"https:\/\/www.radiomais.ao\/index.php\/wp-json\/wp\/v2\/posts\/5617\/revisions"}],"predecessor-version":[{"id":5619,"href":"https:\/\/www.radiomais.ao\/index.php\/wp-json\/wp\/v2\/posts\/5617\/revisions\/5619"}],"wp:featuredmedia":[{"embeddable":true,"href":"https:\/\/www.radiomais.ao\/index.php\/wp-json\/wp\/v2\/media\/5618"}],"wp:attachment":[{"href":"https:\/\/www.radiomais.ao\/index.php\/wp-json\/wp\/v2\/media?parent=5617"}],"wp:term":[{"taxonomy":"category","embeddable":true,"href":"https:\/\/www.radiomais.ao\/index.php\/wp-json\/wp\/v2\/categories?post=5617"},{"taxonomy":"post_tag","embeddable":true,"href":"https:\/\/www.radiomais.ao\/index.php\/wp-json\/wp\/v2\/tags?post=5617"}],"curies":[{"name":"wp","href":"https:\/\/api.w.org\/{rel}","templated":true}]}}