{"id":5624,"date":"2026-04-14T11:12:31","date_gmt":"2026-04-14T10:12:31","guid":{"rendered":"https:\/\/www.radiomais.ao\/?p=5624"},"modified":"2026-04-14T11:12:31","modified_gmt":"2026-04-14T10:12:31","slug":"banco-sol-reforca-apoio-ao-sector-de-oil-mining-no-aecipa-day","status":"publish","type":"post","link":"https:\/\/www.radiomais.ao\/index.php\/2026\/04\/14\/banco-sol-reforca-apoio-ao-sector-de-oil-mining-no-aecipa-day\/","title":{"rendered":"Banco Sol refor\u00e7a apoio ao sector de oil &amp; mining no AECIPA Day."},"content":{"rendered":"\n<p>O Banco Sol marcou presen\u00e7a no AECIPA Day, encontro estrat\u00e9gico promovido pela AECIPA, reafirmando o seu compromisso com o financiamento e desenvolvimento do sector de oil &amp; mining em Angola.<\/p>\n\n\n\n<p>Segundo uma nota de imprensa enviada , a institui\u00e7\u00e3o foi representada pelo administrador-executivo, Vladmir da Cunha, acompanhado pelo director Ra\u00fal Diniz e pelo respons\u00e1vel da \u00e1rea de Oil &amp; Mining, Ivandro Bastos.<\/p>\n\n\n\n<p>Durante o encontro, foram debatidos temas estruturantes para o sector, com destaque para o acesso ao financiamento banc\u00e1rio por parte das empresas de servi\u00e7os, os constrangimentos no acesso a divisas e a situa\u00e7\u00e3o migrat\u00f3ria dos operadores expatriados.<\/p>\n\n\n\n<p>Segundo o documento, no \u00e2mbito de um dos pain\u00e9is, Ivandro Bastos apresentou a proposta de valor do Banco Sol para o segmento de oil &amp; mining, enfatizando solu\u00e7\u00f5es de financiamento \u00e0 tesouraria e a perspetiva de desenvolvimento de instrumentos como o financiamento de contratos, orientados para responder \u00e0s necessidades espec\u00edficas das empresas do sector.<\/p>\n\n\n\n<p>Por sua vez, Vladmir da Cunha destacou o compromisso da institui\u00e7\u00e3o com o apoio \u00e0s Pequenas e M\u00e9dias Empresas e aos investidores, sublinhando a import\u00e2ncia de solu\u00e7\u00f5es financeiras ajustadas \u00e0 din\u00e2mica e exig\u00eancias do mercado. Ler mais em <strong><em><a href=\"https:\/\/www.opais.ao\/economia\/https-www-opais-ao-economia-banco-sol-reforca-apoio-ao-sector-de-oil-mining-no-aecipa-day\/\">Opa\u00eds<\/a><\/em><\/strong><\/p>\n","protected":false},"excerpt":{"rendered":"<p>O Banco Sol marcou presen\u00e7a no AECIPA Day, encontro estrat\u00e9gico promovido pela AECIPA, reafirmando o seu compromisso com o financiamento e desenvolvimento do sector de oil &amp; mining em Angola. Segundo uma nota de imprensa enviada , a institui\u00e7\u00e3o foi representada pelo administrador-executivo, Vladmir da Cunha, acompanhado pelo director Ra\u00fal Diniz e pelo respons\u00e1vel da [&hellip;]<\/p>\n","protected":false},"author":3,"featured_media":5625,"comment_status":"open","ping_status":"open","sticky":false,"template":"","format":"standard","meta":{"footnotes":""},"categories":[16],"tags":[2320],"class_list":["post-5624","post","type-post","status-publish","format-standard","has-post-thumbnail","hentry","category-actualidade","tag-banco-sol-reforca-apoio-ao-sector-de-oil-mining-no-aecipa-day"],"blocksy_meta":[],"_links":{"self":[{"href":"https:\/\/www.radiomais.ao\/index.php\/wp-json\/wp\/v2\/posts\/5624","targetHints":{"allow":["GET"]}}],"collection":[{"href":"https:\/\/www.radiomais.ao\/index.php\/wp-json\/wp\/v2\/posts"}],"about":[{"href":"https:\/\/www.radiomais.ao\/index.php\/wp-json\/wp\/v2\/types\/post"}],"author":[{"embeddable":true,"href":"https:\/\/www.radiomais.ao\/index.php\/wp-json\/wp\/v2\/users\/3"}],"replies":[{"embeddable":true,"href":"https:\/\/www.radiomais.ao\/index.php\/wp-json\/wp\/v2\/comments?post=5624"}],"version-history":[{"count":1,"href":"https:\/\/www.radiomais.ao\/index.php\/wp-json\/wp\/v2\/posts\/5624\/revisions"}],"predecessor-version":[{"id":5626,"href":"https:\/\/www.radiomais.ao\/index.php\/wp-json\/wp\/v2\/posts\/5624\/revisions\/5626"}],"wp:featuredmedia":[{"embeddable":true,"href":"https:\/\/www.radiomais.ao\/index.php\/wp-json\/wp\/v2\/media\/5625"}],"wp:attachment":[{"href":"https:\/\/www.radiomais.ao\/index.php\/wp-json\/wp\/v2\/media?parent=5624"}],"wp:term":[{"taxonomy":"category","embeddable":true,"href":"https:\/\/www.radiomais.ao\/index.php\/wp-json\/wp\/v2\/categories?post=5624"},{"taxonomy":"post_tag","embeddable":true,"href":"https:\/\/www.radiomais.ao\/index.php\/wp-json\/wp\/v2\/tags?post=5624"}],"curies":[{"name":"wp","href":"https:\/\/api.w.org\/{rel}","templated":true}]}}