{"id":5627,"date":"2026-04-14T11:19:35","date_gmt":"2026-04-14T10:19:35","guid":{"rendered":"https:\/\/www.radiomais.ao\/?p=5627"},"modified":"2026-04-14T11:19:35","modified_gmt":"2026-04-14T10:19:35","slug":"mulher-da-a-luz-a-gemeos-sobre-telhado-em-meio-a-tragedia-das-fortes-chuvas-em-benguela","status":"publish","type":"post","link":"https:\/\/www.radiomais.ao\/index.php\/2026\/04\/14\/mulher-da-a-luz-a-gemeos-sobre-telhado-em-meio-a-tragedia-das-fortes-chuvas-em-benguela\/","title":{"rendered":"Mulher d\u00e1 \u00e0 luz a g\u00e9meos sobre telhado em meio \u00e0 trag\u00e9dia das fortes chuvas em Benguela."},"content":{"rendered":"\n<p><strong>O respons\u00e1vel do Instituto Nacional de Emerg\u00eancias M\u00e9dicas (INEMA), Nani Francisco, informa, numa curta comunica\u00e7\u00e3o, que aquela institui\u00e7\u00e3o sanit\u00e1ria assistiu 40 pacientes, a maior parte deles com crise de p\u00e2nico, tendo destacado um parto no telhado de uma casa em meio \u00e0 trag\u00e9dia de Domingo, 12, no bairro do Tchipiandalo, em Benguela. Autoridades contabilizam cinco mortos, quatro pessoas desaparecidas e cerca de duas mil casas destru\u00eddas<\/strong><\/p>\n\n\n\n<p>A parturiente, de 37 anos, sentiu-se mal justamente na altura em que as \u00e1guas do rio Cavaco inundaram o seu bairro, na sequ\u00eancia do rompimento de diques de protec\u00e7\u00e3o. Como n\u00e3o havia hip\u00f3teses de assist\u00eancia m\u00e9dica, algumas vizinhas encarregaram-se de auxiliar, tendo a senhora dado \u00e0 luz a g\u00e9meos.<\/p>\n\n\n\n<p>Ao avan\u00e7ar os dados relativos aos danos da chuva, o respons\u00e1vel afirmou que aquela institui\u00e7\u00e3o sanit\u00e1ria assistiu 40 pacientes, a maior parte deles com crise de p\u00e2nico. Fontes do Gabinete Provincial da Sa\u00fade n\u00e3o descartam a possibilidade de a prov\u00edncia voltar a ser assolada por surto de c\u00f3lera, de que Benguela foi o epicentro em 2025. Enquanto isso, v\u00e1rios centros de acolhimento, entre p\u00fablicos e privados, est\u00e3o criados. At\u00e9 aqui, est\u00e3o contabilizadas cinco mortes, quatro pessoas desaparecidas e mais de 4 mil desabrigados.<\/p>\n\n\n\n<p>Pessoas singulares e colectivas prestam assist\u00eancia em termos de bens alimentares, vestu\u00e1rios e apoios de que centenas de fam\u00edlias est\u00e3o, neste momento, a precisar. Essas trag\u00e9dias constituem, para j\u00e1, conforme admitem analistas, verdadeiras \u00abprovas de fogo\u00bb de Manuel Nunes J\u00fanior, que nunca antes governou uma prov\u00edncia, havendo, inclusive, quem tenha destacado a bravura do governante face ao que tem ocorrido.<\/p>\n","protected":false},"excerpt":{"rendered":"<p>O respons\u00e1vel do Instituto Nacional de Emerg\u00eancias M\u00e9dicas (INEMA), Nani Francisco, informa, numa curta comunica\u00e7\u00e3o, que aquela institui\u00e7\u00e3o sanit\u00e1ria assistiu 40 pacientes, a maior parte deles com crise de p\u00e2nico, tendo destacado um parto no telhado de uma casa em meio \u00e0 trag\u00e9dia de Domingo, 12, no bairro do Tchipiandalo, em Benguela. Autoridades contabilizam cinco [&hellip;]<\/p>\n","protected":false},"author":3,"featured_media":5628,"comment_status":"open","ping_status":"open","sticky":false,"template":"","format":"standard","meta":{"footnotes":""},"categories":[16],"tags":[2321],"class_list":["post-5627","post","type-post","status-publish","format-standard","has-post-thumbnail","hentry","category-actualidade","tag-mulher-da-a-luz-a-gemeos-sobre-telhado-em-meio-a-tragedia-das-fortes-chuvas-em-benguela"],"blocksy_meta":[],"_links":{"self":[{"href":"https:\/\/www.radiomais.ao\/index.php\/wp-json\/wp\/v2\/posts\/5627","targetHints":{"allow":["GET"]}}],"collection":[{"href":"https:\/\/www.radiomais.ao\/index.php\/wp-json\/wp\/v2\/posts"}],"about":[{"href":"https:\/\/www.radiomais.ao\/index.php\/wp-json\/wp\/v2\/types\/post"}],"author":[{"embeddable":true,"href":"https:\/\/www.radiomais.ao\/index.php\/wp-json\/wp\/v2\/users\/3"}],"replies":[{"embeddable":true,"href":"https:\/\/www.radiomais.ao\/index.php\/wp-json\/wp\/v2\/comments?post=5627"}],"version-history":[{"count":1,"href":"https:\/\/www.radiomais.ao\/index.php\/wp-json\/wp\/v2\/posts\/5627\/revisions"}],"predecessor-version":[{"id":5629,"href":"https:\/\/www.radiomais.ao\/index.php\/wp-json\/wp\/v2\/posts\/5627\/revisions\/5629"}],"wp:featuredmedia":[{"embeddable":true,"href":"https:\/\/www.radiomais.ao\/index.php\/wp-json\/wp\/v2\/media\/5628"}],"wp:attachment":[{"href":"https:\/\/www.radiomais.ao\/index.php\/wp-json\/wp\/v2\/media?parent=5627"}],"wp:term":[{"taxonomy":"category","embeddable":true,"href":"https:\/\/www.radiomais.ao\/index.php\/wp-json\/wp\/v2\/categories?post=5627"},{"taxonomy":"post_tag","embeddable":true,"href":"https:\/\/www.radiomais.ao\/index.php\/wp-json\/wp\/v2\/tags?post=5627"}],"curies":[{"name":"wp","href":"https:\/\/api.w.org\/{rel}","templated":true}]}}