{"id":5657,"date":"2026-04-15T09:55:06","date_gmt":"2026-04-15T08:55:06","guid":{"rendered":"https:\/\/www.radiomais.ao\/?p=5657"},"modified":"2026-04-15T09:55:06","modified_gmt":"2026-04-15T08:55:06","slug":"presidente-da-republica-trabalha-hoje-em-benguela-para-avaliar-impactos-das-cheias","status":"publish","type":"post","link":"https:\/\/www.radiomais.ao\/index.php\/2026\/04\/15\/presidente-da-republica-trabalha-hoje-em-benguela-para-avaliar-impactos-das-cheias\/","title":{"rendered":"Presidente da Rep\u00fablica trabalha hoje em Benguela para avaliar impactos das cheias."},"content":{"rendered":"\n<p><strong>O Presidente da Rep\u00fablica, Jo\u00e3o Louren\u00e7o, desloca-se esta manh\u00e3 \u00e0 prov\u00edncia de Benguela com o objectivo de avaliar, no terreno, a dimens\u00e3o dos estragos provocados pelas enchentes que afectaram a cidade nos \u00faltimos dias e fizeram, at\u00e9 ao momento, 8 mortos e v\u00e1rios feridos<\/strong><\/p>\n\n\n\n<p>Durante a jornada de trabalho, o Chefe de Estado dever\u00e1 cumprir uma agenda intensa na cidade de Benguela, com destaque para visitas \u00e0s zonas habitacionais mais atingidas pelas inunda\u00e7\u00f5es. A desloca\u00e7\u00e3o inclui igualmente o contacto directo com<\/p>\n\n\n\n<p>as popula\u00e7\u00f5es desalojadas, actualmente acolhidas nos centros de abrigo provis\u00f3rio criados pelas autoridades locais. No terreno, o Presidente da Rep\u00fablica pretende inteirar-se das condi\u00e7\u00f5es de vida dos sinistrados e do n\u00edvel de resposta das autoridades da prov\u00edncia face \u00e0 situa\u00e7\u00e3o de emerg\u00eancia.<\/p>\n\n\n\n<p>Ainda no quadro da sua agenda, Jo\u00e3o Louren\u00e7o dever\u00e1 tamb\u00e9m manter um encontro de trabalho com a Comiss\u00e3o Nacional de Protec\u00e7\u00e3o Civil, com vista a obter um balan\u00e7o detalhado da situa\u00e7\u00e3o e avaliar o volume de apoio e assist\u00eancia que est\u00e1 a ser prestado \u00e0s popula\u00e7\u00f5es afectadas. A visita do Chefe de Estado \u00e0 prov\u00edncia de Benguela, sua terra natal, insere-se nos esfor\u00e7os do Executivo de refor\u00e7ar o acompanhamento directo \u00e0s regi\u00f5es atingidas pelas calamidades naturais e garantir uma resposta mais eficaz \u00e0s necessidades das comunidades afectadas.<\/p>\n","protected":false},"excerpt":{"rendered":"<p>O Presidente da Rep\u00fablica, Jo\u00e3o Louren\u00e7o, desloca-se esta manh\u00e3 \u00e0 prov\u00edncia de Benguela com o objectivo de avaliar, no terreno, a dimens\u00e3o dos estragos provocados pelas enchentes que afectaram a cidade nos \u00faltimos dias e fizeram, at\u00e9 ao momento, 8 mortos e v\u00e1rios feridos Durante a jornada de trabalho, o Chefe de Estado dever\u00e1 cumprir [&hellip;]<\/p>\n","protected":false},"author":3,"featured_media":5658,"comment_status":"open","ping_status":"open","sticky":false,"template":"","format":"standard","meta":{"footnotes":""},"categories":[16],"tags":[2333],"class_list":["post-5657","post","type-post","status-publish","format-standard","has-post-thumbnail","hentry","category-actualidade","tag-presidente-da-republica-trabalha-hoje-em-benguela-para-avaliar-impactos-das-cheias"],"blocksy_meta":[],"_links":{"self":[{"href":"https:\/\/www.radiomais.ao\/index.php\/wp-json\/wp\/v2\/posts\/5657","targetHints":{"allow":["GET"]}}],"collection":[{"href":"https:\/\/www.radiomais.ao\/index.php\/wp-json\/wp\/v2\/posts"}],"about":[{"href":"https:\/\/www.radiomais.ao\/index.php\/wp-json\/wp\/v2\/types\/post"}],"author":[{"embeddable":true,"href":"https:\/\/www.radiomais.ao\/index.php\/wp-json\/wp\/v2\/users\/3"}],"replies":[{"embeddable":true,"href":"https:\/\/www.radiomais.ao\/index.php\/wp-json\/wp\/v2\/comments?post=5657"}],"version-history":[{"count":1,"href":"https:\/\/www.radiomais.ao\/index.php\/wp-json\/wp\/v2\/posts\/5657\/revisions"}],"predecessor-version":[{"id":5659,"href":"https:\/\/www.radiomais.ao\/index.php\/wp-json\/wp\/v2\/posts\/5657\/revisions\/5659"}],"wp:featuredmedia":[{"embeddable":true,"href":"https:\/\/www.radiomais.ao\/index.php\/wp-json\/wp\/v2\/media\/5658"}],"wp:attachment":[{"href":"https:\/\/www.radiomais.ao\/index.php\/wp-json\/wp\/v2\/media?parent=5657"}],"wp:term":[{"taxonomy":"category","embeddable":true,"href":"https:\/\/www.radiomais.ao\/index.php\/wp-json\/wp\/v2\/categories?post=5657"},{"taxonomy":"post_tag","embeddable":true,"href":"https:\/\/www.radiomais.ao\/index.php\/wp-json\/wp\/v2\/tags?post=5657"}],"curies":[{"name":"wp","href":"https:\/\/api.w.org\/{rel}","templated":true}]}}