{"id":5660,"date":"2026-04-15T10:04:50","date_gmt":"2026-04-15T09:04:50","guid":{"rendered":"https:\/\/www.radiomais.ao\/?p=5660"},"modified":"2026-04-15T10:04:50","modified_gmt":"2026-04-15T09:04:50","slug":"dragagem-no-porto-do-lobito-atinge-57-e-reforca-capacidade-para-navios-de-grande-porte","status":"publish","type":"post","link":"https:\/\/www.radiomais.ao\/index.php\/2026\/04\/15\/dragagem-no-porto-do-lobito-atinge-57-e-reforca-capacidade-para-navios-de-grande-porte\/","title":{"rendered":"Dragagem no Porto do Lobito atinge 57% e refor\u00e7a capacidade para navios de grande porte."},"content":{"rendered":"\n<p>O Porto do Lobito j\u00e1 atingiu 57% de execu\u00e7\u00e3o das obras de dragagem de manuten\u00e7\u00e3o, apenas 50 dias ap\u00f3s o in\u00edcio da empreitada<\/p>\n\n\n\n<p>De acordo com o documento, o avan\u00e7o da interven\u00e7\u00e3o representa um passo importante no refor\u00e7o da efici\u00eancia operacional da infra-estrutura portu\u00e1ria, preparando-a para receber navios de maior dimens\u00e3o, numa altura considerada estrat\u00e9gica para o com\u00e9rcio regional.<\/p>\n\n\n\n<p>O progresso dos trabalhos foi constatado nesta Ter\u00e7a-feira, 14 de Abril, durante uma visita t\u00e9cnica do presidente do Conselho de Administra\u00e7\u00e3o, Celso Rodrigues de Lemos Rosas, aos Cais Norte e Sul.<\/p>\n\n\n\n<p>Na ocasi\u00e3o, o respons\u00e1vel recebeu informa\u00e7\u00f5es detalhadas do director de Infra-estruturas, Paulo Lima, estando acompanhado pelo administrador Cristiano Sobrinho e por uma equipa t\u00e9cnica especializada.<\/p>\n\n\n\n<p>A obra, iniciada em Fevereiro e executada pela empresa Geosurvey, abrange uma \u00e1rea de cerca de 140 mil metros quadrados, com a remo\u00e7\u00e3o estimada de aproximadamente 90 mil metros c\u00fabicos de sedimentos.<\/p>\n\n\n\n<p>O principal objectivo \u00e9 restabelecer os n\u00edveis de profundidade considerados essenciais \u00e0 opera\u00e7\u00e3o portu\u00e1ria: 14,7 metros no terminal de contentores e 11,7 metros nos Cais Norte e Sul.<\/p>\n\n\n\n<p>Segundo a nota, mais do que uma opera\u00e7\u00e3o de rotina, a dragagem desempenha um papel determinante na seguran\u00e7a da navega\u00e7\u00e3o e na capacidade do porto responder \u00e0s exig\u00eancias do tr\u00e1fego mar\u00edtimo internacional, cada vez mais orientado para navios de grande porte. Ler mais em <strong><em><a href=\"https:\/\/www.opais.ao\/economia\/dragagem-no-porto-do-lobito-atinge-57-e-reforca-capacidade-para-navios-de-grande-porte\/\">Opa\u00eds<\/a><\/em><\/strong><\/p>\n","protected":false},"excerpt":{"rendered":"<p>O Porto do Lobito j\u00e1 atingiu 57% de execu\u00e7\u00e3o das obras de dragagem de manuten\u00e7\u00e3o, apenas 50 dias ap\u00f3s o in\u00edcio da empreitada De acordo com o documento, o avan\u00e7o da interven\u00e7\u00e3o representa um passo importante no refor\u00e7o da efici\u00eancia operacional da infra-estrutura portu\u00e1ria, preparando-a para receber navios de maior dimens\u00e3o, numa altura considerada estrat\u00e9gica [&hellip;]<\/p>\n","protected":false},"author":3,"featured_media":5661,"comment_status":"open","ping_status":"open","sticky":false,"template":"","format":"standard","meta":{"footnotes":""},"categories":[16],"tags":[2334],"class_list":["post-5660","post","type-post","status-publish","format-standard","has-post-thumbnail","hentry","category-actualidade","tag-dragagem-no-porto-do-lobito"],"blocksy_meta":[],"_links":{"self":[{"href":"https:\/\/www.radiomais.ao\/index.php\/wp-json\/wp\/v2\/posts\/5660","targetHints":{"allow":["GET"]}}],"collection":[{"href":"https:\/\/www.radiomais.ao\/index.php\/wp-json\/wp\/v2\/posts"}],"about":[{"href":"https:\/\/www.radiomais.ao\/index.php\/wp-json\/wp\/v2\/types\/post"}],"author":[{"embeddable":true,"href":"https:\/\/www.radiomais.ao\/index.php\/wp-json\/wp\/v2\/users\/3"}],"replies":[{"embeddable":true,"href":"https:\/\/www.radiomais.ao\/index.php\/wp-json\/wp\/v2\/comments?post=5660"}],"version-history":[{"count":1,"href":"https:\/\/www.radiomais.ao\/index.php\/wp-json\/wp\/v2\/posts\/5660\/revisions"}],"predecessor-version":[{"id":5662,"href":"https:\/\/www.radiomais.ao\/index.php\/wp-json\/wp\/v2\/posts\/5660\/revisions\/5662"}],"wp:featuredmedia":[{"embeddable":true,"href":"https:\/\/www.radiomais.ao\/index.php\/wp-json\/wp\/v2\/media\/5661"}],"wp:attachment":[{"href":"https:\/\/www.radiomais.ao\/index.php\/wp-json\/wp\/v2\/media?parent=5660"}],"wp:term":[{"taxonomy":"category","embeddable":true,"href":"https:\/\/www.radiomais.ao\/index.php\/wp-json\/wp\/v2\/categories?post=5660"},{"taxonomy":"post_tag","embeddable":true,"href":"https:\/\/www.radiomais.ao\/index.php\/wp-json\/wp\/v2\/tags?post=5660"}],"curies":[{"name":"wp","href":"https:\/\/api.w.org\/{rel}","templated":true}]}}