{"id":5666,"date":"2026-04-15T10:16:12","date_gmt":"2026-04-15T09:16:12","guid":{"rendered":"https:\/\/www.radiomais.ao\/?p=5666"},"modified":"2026-04-15T10:16:12","modified_gmt":"2026-04-15T09:16:12","slug":"caso-terrorismo-tribunal-nega-pedido-de-defesa-para-arrolar-generais-como-testemunhas","status":"publish","type":"post","link":"https:\/\/www.radiomais.ao\/index.php\/2026\/04\/15\/caso-terrorismo-tribunal-nega-pedido-de-defesa-para-arrolar-generais-como-testemunhas\/","title":{"rendered":"Caso \u201cTerrorismo\u201d: Tribunal nega pedido de defesa para arrolar generais como testemunhas."},"content":{"rendered":"\n<p><strong>O Tribunal da Comarca de Luanda retomou ontem o julgamento dos dois cidad\u00e3os russos e dois angolanos acusados de acto preparat\u00f3rio de terrorismo. A audi\u00eancia, no Pal\u00e1cio Dona Ana Joaquina, serviu para apresentar as respostas \u00e0s quest\u00f5es pr\u00e9vias, com destaque para o pedido de testemunhas que a defesa acha serem fundamentais para a descoberta da verdade<\/strong>.<\/p>\n\n\n\n<p>Com o recinto lotado com a presen\u00e7a de fa- miliares, jornalistas e declarantes, a 3.\u00aa Sec- \u00e7\u00e3o do Tribunal Provincial de Luanda acolheu, ontem (14), a leitura das respostas das quest\u00f5es pr\u00e9vias do caso \u201cter- rorismo\u201d. Na audi\u00eancia, o Tribunal tomou como indeferido o pedido dos advogados de defesa de ter como declarantes os generais Higino Carneiro, Dino Matrosse, Lukamba Gato, o presidente da UNITA Adalberto da Costa e o deputado Manuel Ekuikui.<\/p>\n\n\n\n<p>O pedido dos advogados inclu\u00eda tamb\u00e9m nomes como o de Marco Nhunga, governador de Malanje, de Rodrigo Catimba, vice- presidente da Associa\u00e7\u00e3o Nova Alian\u00e7a dos Taxistas de Angola (ANATA), Francisco Paci\u00eancia, membro da ANATA, e Francisco Eduardo, associado \u00e0 Associa\u00e7\u00e3o dos Taxistas de Angola (ATA). O \u00f3rg\u00e3o judicial esclareceu que o indeferimento desta quest\u00e3oveu-se ao facto de o pedido ser impertinente, pois \u201ca defesa n\u00e3o apresentou as raz\u00f5es de ci\u00eancia que o sustentam\u201d.<\/p>\n\n\n\n<p>Vale lembrar que, na \u00faltima audi\u00eancia, realizada a 24 de Mar\u00e7o, a defesa dos arguidos apresentou cerca de 13 quest\u00f5es pr\u00e9vias. A defesa requereu, entre muitas quest\u00f5es, a devolu\u00e7\u00e3o dos bens pessoais de Igor e de Lev, por entender que estes n\u00e3o s\u00e3o considerados objectos do crime. Em resposta, o Tribunal afirmou que estes bens tratam-se de telem\u00f3veis e livros de onde foram retiradas provas, o que justifica a sua apreens\u00e3o.<\/p>\n","protected":false},"excerpt":{"rendered":"<p>O Tribunal da Comarca de Luanda retomou ontem o julgamento dos dois cidad\u00e3os russos e dois angolanos acusados de acto preparat\u00f3rio de terrorismo. A audi\u00eancia, no Pal\u00e1cio Dona Ana Joaquina, serviu para apresentar as respostas \u00e0s quest\u00f5es pr\u00e9vias, com destaque para o pedido de testemunhas que a defesa acha serem fundamentais para a descoberta da [&hellip;]<\/p>\n","protected":false},"author":3,"featured_media":5667,"comment_status":"open","ping_status":"open","sticky":false,"template":"","format":"standard","meta":{"footnotes":""},"categories":[16],"tags":[2336],"class_list":["post-5666","post","type-post","status-publish","format-standard","has-post-thumbnail","hentry","category-actualidade","tag-caso-terrorismo"],"blocksy_meta":[],"_links":{"self":[{"href":"https:\/\/www.radiomais.ao\/index.php\/wp-json\/wp\/v2\/posts\/5666","targetHints":{"allow":["GET"]}}],"collection":[{"href":"https:\/\/www.radiomais.ao\/index.php\/wp-json\/wp\/v2\/posts"}],"about":[{"href":"https:\/\/www.radiomais.ao\/index.php\/wp-json\/wp\/v2\/types\/post"}],"author":[{"embeddable":true,"href":"https:\/\/www.radiomais.ao\/index.php\/wp-json\/wp\/v2\/users\/3"}],"replies":[{"embeddable":true,"href":"https:\/\/www.radiomais.ao\/index.php\/wp-json\/wp\/v2\/comments?post=5666"}],"version-history":[{"count":1,"href":"https:\/\/www.radiomais.ao\/index.php\/wp-json\/wp\/v2\/posts\/5666\/revisions"}],"predecessor-version":[{"id":5668,"href":"https:\/\/www.radiomais.ao\/index.php\/wp-json\/wp\/v2\/posts\/5666\/revisions\/5668"}],"wp:featuredmedia":[{"embeddable":true,"href":"https:\/\/www.radiomais.ao\/index.php\/wp-json\/wp\/v2\/media\/5667"}],"wp:attachment":[{"href":"https:\/\/www.radiomais.ao\/index.php\/wp-json\/wp\/v2\/media?parent=5666"}],"wp:term":[{"taxonomy":"category","embeddable":true,"href":"https:\/\/www.radiomais.ao\/index.php\/wp-json\/wp\/v2\/categories?post=5666"},{"taxonomy":"post_tag","embeddable":true,"href":"https:\/\/www.radiomais.ao\/index.php\/wp-json\/wp\/v2\/tags?post=5666"}],"curies":[{"name":"wp","href":"https:\/\/api.w.org\/{rel}","templated":true}]}}