{"id":5697,"date":"2026-04-16T10:04:34","date_gmt":"2026-04-16T09:04:34","guid":{"rendered":"https:\/\/www.radiomais.ao\/?p=5697"},"modified":"2026-04-16T10:04:34","modified_gmt":"2026-04-16T09:04:34","slug":"comissao-ad-hoc-reforca-cooperacao-com-a-embaixada-dos-eua","status":"publish","type":"post","link":"https:\/\/www.radiomais.ao\/index.php\/2026\/04\/16\/comissao-ad-hoc-reforca-cooperacao-com-a-embaixada-dos-eua\/","title":{"rendered":"Comiss\u00e3o Ad-Hoc refor\u00e7a coopera\u00e7\u00e3o com a Embaixada dos EUA."},"content":{"rendered":"\n<p><strong>A Comiss\u00e3o Ad-Hoc para an\u00e1lise do excesso de pris\u00e3o preventiva foi criada para analisar as causas do excesso de pris\u00e3o preventiva, propor solu\u00e7\u00f5es e corrigir irregularidades nos processos que envolvam a aplica\u00e7\u00e3o de medidas privativas de liberdade, contribuindo, desta forma, para o refor\u00e7o do Estado de Direito e da Justi\u00e7a em Angola<\/strong><\/p>\n\n\n\n<p>O juiz conselheiro presidente da C\u00e2mara Criminal do Tribunal Supremo e coordenador da Comiss\u00e3o Ad-Hoc para An\u00e1lise do Excesso de Pris\u00e3o Preventiva a n\u00edvel do pa\u00eds, Domingos da Costa Mesquita, recebeu ontem, 15 de Abril, em audi\u00eancia, uma equipa do Departamento de Assuntos Pol\u00edticos e Econ\u00f3micos da Embaixada dos Estados Unidos da Am\u00e9rica em Angola.<\/p>\n\n\n\n<p>Durante o encontro, as entidades norte-americanas manifestaram satisfa\u00e7\u00e3o e interesse pelo trabalho realizado pela Comiss\u00e3o, destacando a sua preocupa\u00e7\u00e3o com a salvaguarda dos direitos fundamentais dos arguidos privados de liberdade. Procuraram, igualmente, compreender com maior profundidade os mecanismos de funcionamento da Comiss\u00e3o, que tem vindo a alcan\u00e7ar resultados considerados satisfat\u00f3rios no exerc\u00edcio das suas fun\u00e7\u00f5es. Ler mais em<em><a href=\"https:\/\/www.opais.ao\/politica\/comissao-ad-hoc-reforca-cooperacao-com-a-embaixada-dos-eua\/\"> Opa\u00eds<\/a><\/em><\/p>\n\n\n\n<p><\/p>\n","protected":false},"excerpt":{"rendered":"<p>A Comiss\u00e3o Ad-Hoc para an\u00e1lise do excesso de pris\u00e3o preventiva foi criada para analisar as causas do excesso de pris\u00e3o preventiva, propor solu\u00e7\u00f5es e corrigir irregularidades nos processos que envolvam a aplica\u00e7\u00e3o de medidas privativas de liberdade, contribuindo, desta forma, para o refor\u00e7o do Estado de Direito e da Justi\u00e7a em Angola O juiz conselheiro [&hellip;]<\/p>\n","protected":false},"author":3,"featured_media":5698,"comment_status":"open","ping_status":"open","sticky":false,"template":"","format":"standard","meta":{"footnotes":""},"categories":[16],"tags":[2348],"class_list":["post-5697","post","type-post","status-publish","format-standard","has-post-thumbnail","hentry","category-actualidade","tag-comissao-ad-hoc-reforca-cooperacao"],"blocksy_meta":[],"_links":{"self":[{"href":"https:\/\/www.radiomais.ao\/index.php\/wp-json\/wp\/v2\/posts\/5697","targetHints":{"allow":["GET"]}}],"collection":[{"href":"https:\/\/www.radiomais.ao\/index.php\/wp-json\/wp\/v2\/posts"}],"about":[{"href":"https:\/\/www.radiomais.ao\/index.php\/wp-json\/wp\/v2\/types\/post"}],"author":[{"embeddable":true,"href":"https:\/\/www.radiomais.ao\/index.php\/wp-json\/wp\/v2\/users\/3"}],"replies":[{"embeddable":true,"href":"https:\/\/www.radiomais.ao\/index.php\/wp-json\/wp\/v2\/comments?post=5697"}],"version-history":[{"count":1,"href":"https:\/\/www.radiomais.ao\/index.php\/wp-json\/wp\/v2\/posts\/5697\/revisions"}],"predecessor-version":[{"id":5699,"href":"https:\/\/www.radiomais.ao\/index.php\/wp-json\/wp\/v2\/posts\/5697\/revisions\/5699"}],"wp:featuredmedia":[{"embeddable":true,"href":"https:\/\/www.radiomais.ao\/index.php\/wp-json\/wp\/v2\/media\/5698"}],"wp:attachment":[{"href":"https:\/\/www.radiomais.ao\/index.php\/wp-json\/wp\/v2\/media?parent=5697"}],"wp:term":[{"taxonomy":"category","embeddable":true,"href":"https:\/\/www.radiomais.ao\/index.php\/wp-json\/wp\/v2\/categories?post=5697"},{"taxonomy":"post_tag","embeddable":true,"href":"https:\/\/www.radiomais.ao\/index.php\/wp-json\/wp\/v2\/tags?post=5697"}],"curies":[{"name":"wp","href":"https:\/\/api.w.org\/{rel}","templated":true}]}}