{"id":5700,"date":"2026-04-16T10:12:01","date_gmt":"2026-04-16T09:12:01","guid":{"rendered":"https:\/\/www.radiomais.ao\/?p=5700"},"modified":"2026-04-16T10:12:01","modified_gmt":"2026-04-16T09:12:01","slug":"autoridades-asseguram-prontidao-logistica-e-de-seguranca-para-visita-do-papa","status":"publish","type":"post","link":"https:\/\/www.radiomais.ao\/index.php\/2026\/04\/16\/autoridades-asseguram-prontidao-logistica-e-de-seguranca-para-visita-do-papa\/","title":{"rendered":"Autoridades asseguram prontid\u00e3o log\u00edstica e de seguran\u00e7a para visita do Papa."},"content":{"rendered":"\n<p><strong>A dois dias da chegada do Papa Le\u00e3o XIV, a Confer\u00eancia Episcopal de Angola e S\u00e3o Tom\u00e9 e o Executivo asseguram estarem reunidas as condi\u00e7\u00f5es log\u00edsticas, organizativas e medi\u00e1ticas para acolher um dos maiores eventos religiosos recentes no pa\u00eds. O ponto de situa\u00e7\u00e3o foi avan\u00e7ado pelo arcebispo de Cabinda e porta-voz da CEAST, Dom Belmiro Tchissengueti, e pelo secret\u00e1rio de Estado Nuno Caldas, que destacaram a mobiliza\u00e7\u00e3o nacional e a prontid\u00e3o das estruturas envolvidas<\/strong>.<\/p>\n\n\n\n<p>Dom Belmiro Tchissengueti, que falava em confer\u00eancia de imprensa no Centro de Imprensa An\u00edbal de Melo (CIAM), avan\u00e7ou que \u201ctudo est\u00e1 em estado de prontid\u00e3o\u201d para a recep\u00e7\u00e3o do Santo Padre, sublinhando que os preparativos abrangem desde infra-estruturas, log\u00edstica, seguran\u00e7a e organiza\u00e7\u00e3o lit\u00fargica.<\/p>\n\n\n\n<p>A chegada do Papa Le\u00e3o XIV est\u00e1 prevista para S\u00e1bado, dia 18 de Abril, \u00e0s 15 horas, com recep\u00e7\u00e3o no Aeroporto Internacional de Luanda, 4 de Fevereiro, e desloca\u00e7\u00e3o at\u00e9 \u00e0 Cidade Alta, onde vai ocorrer um encontro privado com o Presidente da Rep\u00fablica, Jo\u00e3o Louren\u00e7o.<\/p>\n\n\n\n<p>Ainda no primeiro dia, o Papa dever\u00e1 manter encontros com a sociedade civil, com o corpo diplom\u00e1tico acreditado em Angola e partidos pol\u00edticos, antes de reunir-se com os bispos na Nunciatura Apost\u00f3lica. O ponto alto da visita do Santo Padre tem lugar no dia 19, domingo, com a celebra\u00e7\u00e3o da Santa Missa na centralidade do Kilamba, num evento que prev\u00ea reunir cerca de um milh\u00e3o de fi\u00e9is.<\/p>\n","protected":false},"excerpt":{"rendered":"<p>A dois dias da chegada do Papa Le\u00e3o XIV, a Confer\u00eancia Episcopal de Angola e S\u00e3o Tom\u00e9 e o Executivo asseguram estarem reunidas as condi\u00e7\u00f5es log\u00edsticas, organizativas e medi\u00e1ticas para acolher um dos maiores eventos religiosos recentes no pa\u00eds. O ponto de situa\u00e7\u00e3o foi avan\u00e7ado pelo arcebispo de Cabinda e porta-voz da CEAST, Dom Belmiro [&hellip;]<\/p>\n","protected":false},"author":3,"featured_media":5701,"comment_status":"open","ping_status":"open","sticky":false,"template":"","format":"standard","meta":{"footnotes":""},"categories":[16],"tags":[2350,2349,2335],"class_list":["post-5700","post","type-post","status-publish","format-standard","has-post-thumbnail","hentry","category-actualidade","tag-logistica-2","tag-prontidao","tag-visita-do-papa"],"blocksy_meta":[],"_links":{"self":[{"href":"https:\/\/www.radiomais.ao\/index.php\/wp-json\/wp\/v2\/posts\/5700","targetHints":{"allow":["GET"]}}],"collection":[{"href":"https:\/\/www.radiomais.ao\/index.php\/wp-json\/wp\/v2\/posts"}],"about":[{"href":"https:\/\/www.radiomais.ao\/index.php\/wp-json\/wp\/v2\/types\/post"}],"author":[{"embeddable":true,"href":"https:\/\/www.radiomais.ao\/index.php\/wp-json\/wp\/v2\/users\/3"}],"replies":[{"embeddable":true,"href":"https:\/\/www.radiomais.ao\/index.php\/wp-json\/wp\/v2\/comments?post=5700"}],"version-history":[{"count":1,"href":"https:\/\/www.radiomais.ao\/index.php\/wp-json\/wp\/v2\/posts\/5700\/revisions"}],"predecessor-version":[{"id":5702,"href":"https:\/\/www.radiomais.ao\/index.php\/wp-json\/wp\/v2\/posts\/5700\/revisions\/5702"}],"wp:featuredmedia":[{"embeddable":true,"href":"https:\/\/www.radiomais.ao\/index.php\/wp-json\/wp\/v2\/media\/5701"}],"wp:attachment":[{"href":"https:\/\/www.radiomais.ao\/index.php\/wp-json\/wp\/v2\/media?parent=5700"}],"wp:term":[{"taxonomy":"category","embeddable":true,"href":"https:\/\/www.radiomais.ao\/index.php\/wp-json\/wp\/v2\/categories?post=5700"},{"taxonomy":"post_tag","embeddable":true,"href":"https:\/\/www.radiomais.ao\/index.php\/wp-json\/wp\/v2\/tags?post=5700"}],"curies":[{"name":"wp","href":"https:\/\/api.w.org\/{rel}","templated":true}]}}