{"id":5733,"date":"2026-04-17T09:35:09","date_gmt":"2026-04-17T08:35:09","guid":{"rendered":"https:\/\/www.radiomais.ao\/?p=5733"},"modified":"2026-04-17T09:35:09","modified_gmt":"2026-04-17T08:35:09","slug":"candidaturas-a-lideranca-do-mpla-abertas-desde-marco-mas-sem-concorrentes-ate-agora","status":"publish","type":"post","link":"https:\/\/www.radiomais.ao\/index.php\/2026\/04\/17\/candidaturas-a-lideranca-do-mpla-abertas-desde-marco-mas-sem-concorrentes-ate-agora\/","title":{"rendered":"Candidaturas \u00e0 lideran\u00e7a do MPLA abertas desde Mar\u00e7o, mas sem concorrentes at\u00e9 agora."},"content":{"rendered":"\n<p><strong>A subcomiss\u00e3o de candidaturas da Comiss\u00e3o Nacional Preparat\u00f3ria do IX Congresso Ordin\u00e1rio do MPLA confirmou, esta Quinta-feira (16), que o processo de apresenta\u00e7\u00e3o de candidaturas ao cargo de presidente do partido decorre desde 28 de Mar\u00e7o, sem que, at\u00e9 ao momento, tenha sido formalizada qualquer candidatura<\/strong><\/p>\n\n\n\n<p>Em confer\u00eancia de imprensa, o porta-voz da subcomiss\u00e3o, Job Capapinha, esclareceu que o calend\u00e1rio est\u00e1 a ser cumprido, tendo afastado qualquer cen\u00e1rio de atraso no processo. \u201cEstamos em prazo\u201d, assegurou, ao referir que a abertura das candidaturas respeita o disposto nos estatutos do partido, que determinam o in\u00edcio do processo, 15 dias ap\u00f3s a convoca\u00e7\u00e3o do congresso, e o seu encerramento, 45 dias antes da realiza\u00e7\u00e3o do mesmo.<\/p>\n\n\n\n<p>O IX Congresso Ordin\u00e1rio do par tido est\u00e1 marcado para os dias 9 e 10 de Dezembro de 2026, sob o lema \u201cMPLA, Compromisso com o Povo, Confian\u00e7a no Futuro\u201d. Segundo o \u00f3rg\u00e3o, o cronograma do processo estabelece que a apresenta\u00e7\u00e3o das candidaturas decorre at\u00e9 ao dia 25 de Outubro. Segue-se depois a fase de verifica\u00e7\u00e3o da conformidade, entre 26 de Outubro e 1 de Novembro, e a notifica\u00e7\u00e3o dos candidatos, entre 2 e 5 de Novembro.<\/p>\n","protected":false},"excerpt":{"rendered":"<p>A subcomiss\u00e3o de candidaturas da Comiss\u00e3o Nacional Preparat\u00f3ria do IX Congresso Ordin\u00e1rio do MPLA confirmou, esta Quinta-feira (16), que o processo de apresenta\u00e7\u00e3o de candidaturas ao cargo de presidente do partido decorre desde 28 de Mar\u00e7o, sem que, at\u00e9 ao momento, tenha sido formalizada qualquer candidatura Em confer\u00eancia de imprensa, o porta-voz da subcomiss\u00e3o, Job [&hellip;]<\/p>\n","protected":false},"author":3,"featured_media":5734,"comment_status":"open","ping_status":"open","sticky":false,"template":"","format":"standard","meta":{"footnotes":""},"categories":[16],"tags":[],"class_list":["post-5733","post","type-post","status-publish","format-standard","has-post-thumbnail","hentry","category-actualidade"],"blocksy_meta":[],"_links":{"self":[{"href":"https:\/\/www.radiomais.ao\/index.php\/wp-json\/wp\/v2\/posts\/5733","targetHints":{"allow":["GET"]}}],"collection":[{"href":"https:\/\/www.radiomais.ao\/index.php\/wp-json\/wp\/v2\/posts"}],"about":[{"href":"https:\/\/www.radiomais.ao\/index.php\/wp-json\/wp\/v2\/types\/post"}],"author":[{"embeddable":true,"href":"https:\/\/www.radiomais.ao\/index.php\/wp-json\/wp\/v2\/users\/3"}],"replies":[{"embeddable":true,"href":"https:\/\/www.radiomais.ao\/index.php\/wp-json\/wp\/v2\/comments?post=5733"}],"version-history":[{"count":1,"href":"https:\/\/www.radiomais.ao\/index.php\/wp-json\/wp\/v2\/posts\/5733\/revisions"}],"predecessor-version":[{"id":5735,"href":"https:\/\/www.radiomais.ao\/index.php\/wp-json\/wp\/v2\/posts\/5733\/revisions\/5735"}],"wp:featuredmedia":[{"embeddable":true,"href":"https:\/\/www.radiomais.ao\/index.php\/wp-json\/wp\/v2\/media\/5734"}],"wp:attachment":[{"href":"https:\/\/www.radiomais.ao\/index.php\/wp-json\/wp\/v2\/media?parent=5733"}],"wp:term":[{"taxonomy":"category","embeddable":true,"href":"https:\/\/www.radiomais.ao\/index.php\/wp-json\/wp\/v2\/categories?post=5733"},{"taxonomy":"post_tag","embeddable":true,"href":"https:\/\/www.radiomais.ao\/index.php\/wp-json\/wp\/v2\/tags?post=5733"}],"curies":[{"name":"wp","href":"https:\/\/api.w.org\/{rel}","templated":true}]}}