{"id":5736,"date":"2026-04-17T09:37:39","date_gmt":"2026-04-17T08:37:39","guid":{"rendered":"https:\/\/www.radiomais.ao\/?p=5736"},"modified":"2026-04-17T09:37:39","modified_gmt":"2026-04-17T08:37:39","slug":"papa-leao-xiv-em-tripla-missao-religiosa-diplomatica-e-social","status":"publish","type":"post","link":"https:\/\/www.radiomais.ao\/index.php\/2026\/04\/17\/papa-leao-xiv-em-tripla-missao-religiosa-diplomatica-e-social\/","title":{"rendered":"Papa Le\u00e3o XIV em tripla miss\u00e3o: religiosa, diplom\u00e1tica e social."},"content":{"rendered":"\n<p><strong>Bispo de Roma, chefe de Estado do Vaticano e pastor da Igreja Universal. \u00c9 a tripla fun\u00e7\u00e3o com que o Papa Le\u00e3o XIV se apresenta, a mesma pela qual dever\u00e1 desempenhar enquanto estiver em Angola, com o encontro de cortesia que dever\u00e1 manter com o Presidente angolano, Jo\u00e3o Louren\u00e7o. Vai celebrar eucar\u00edstias e recita\u00e7\u00e3o do ter\u00e7o. Dever\u00e1 encontrar-se igualmente com a sociedade civil e visitar\u00e1 um centro de acolhimento de idosos<\/strong><\/p>\n\n\n\n<p>A visita do Papa Le\u00e3o XIV, tamb\u00e9m conhecida como Visita Pastoral, entre os dias 18 e 21 de Abril, sob o lema \u201cPeregrino da Esperan\u00e7a, Reconcilia\u00e7\u00e3o e Paz\u201d, \u00e9 um convite aos fi\u00e9is angolanos a aprofundarem a sua f\u00e9 e renovarem seu compromisso crist\u00e3o, e \u00e9 carregada n\u00e3o s\u00f3 de simbolismo religioso, mas tamb\u00e9m diplom\u00e1tico e social, como explica o superior dos Mission\u00e1rios Josefinos em Angola, padre Carlos Neto Catanha. De acordo com o prelado cat\u00f3lico, o Papa assume uma tripla miss\u00e3o, de signadamente de Bispo de Roma, Chefe de Estado da Cidade do Vaticano e Pastor da Igreja Universal.<\/p>\n\n\n\n<p>Como Bispo de Roma, tem a miss\u00e3o pastoral da Diocese de Roma (It\u00e1lia). Nesta miss\u00e3o, \u00e9 ajudado por um cardeal vig\u00e1rio e por v\u00e1rios bispos auxiliares. J\u00e1 como chefe de Estado do Vaticano, o Papa exerce na totalidade os poderes, legislativo, executivo e judici\u00e1rio, com ajuda de uma administra\u00e7\u00e3o conhecida como Rota Romana. Assim, a visita do Papa a Angola respeita e atende \u00e0 perspectiva de Chefe de Estado, o que justifica a presen\u00e7a do Presidente da Rep\u00fablica em sua recep\u00e7\u00e3o, explica.O padre acrescenta que, das tr\u00eas fun\u00e7\u00f5es, a que mais se sublinha \u00e9 a Visita Pastoral, isto \u00e9, a miss\u00e3o de ensinar como Pastor da Igreja Universal, exercendo em comunh\u00e3o com os bispos angolanos a condu\u00e7\u00e3o do povo crist\u00e3o.<\/p>\n\n\n\n<p>Para fundamentar esse aspecto relacionado com o simbolismo religioso da visita do Papa Le\u00e3o XIV ao pa\u00eds, recorre-se a alguns elementos cristol\u00f3gicos, b\u00edblicos, eclesiol\u00f3gicos e jur\u00eddicos. \u201cElementos Cristol\u00f3gicos: Cristo, enquanto pedra angular, \u00e9 fundamento da Igreja, que est\u00e1 fundada sobre os Ap\u00f3stolos, continuadores da miss\u00e3o de Cristo, mas est\u00e1 fundada sobre Pedro, sua cabe\u00e7a (Lumen gentium 19); Elementos Eclesiol\u00f3gicos: a Igreja Universal \u00e9 a comunh\u00e3o de todas as Igrejas, que t\u00eam como centro a Igreja de Roma (Lumen gentium 23); e Elemenos B\u00edblicos: \u00abPor isso Eu te digo: tu \u00e9s Pedro, e sobre esta pedra construirei a Minha Igreja, e o poder do inferno nunca poder\u00e1 vencer\u00bb Mt. 16, 18-19; \u00abEu, por\u00e9m, rezei por ti, para que a tua f\u00e9 n\u00e3o desfale\u00e7a. E tu, quando tiveres voltado para Mim, fortalece os teus irm\u00e3os\u00bb (Lc. 22, 32), esclarece o sacerdote.<\/p>\n","protected":false},"excerpt":{"rendered":"<p>Bispo de Roma, chefe de Estado do Vaticano e pastor da Igreja Universal. \u00c9 a tripla fun\u00e7\u00e3o com que o Papa Le\u00e3o XIV se apresenta, a mesma pela qual dever\u00e1 desempenhar enquanto estiver em Angola, com o encontro de cortesia que dever\u00e1 manter com o Presidente angolano, Jo\u00e3o Louren\u00e7o. Vai celebrar eucar\u00edstias e recita\u00e7\u00e3o do [&hellip;]<\/p>\n","protected":false},"author":3,"featured_media":5737,"comment_status":"open","ping_status":"open","sticky":false,"template":"","format":"standard","meta":{"footnotes":""},"categories":[16],"tags":[2379,2378],"class_list":["post-5736","post","type-post","status-publish","format-standard","has-post-thumbnail","hentry","category-actualidade","tag-diplomatica-e-social","tag-papa-leao-xiv-em-tripla-missao-religiosa"],"blocksy_meta":[],"_links":{"self":[{"href":"https:\/\/www.radiomais.ao\/index.php\/wp-json\/wp\/v2\/posts\/5736","targetHints":{"allow":["GET"]}}],"collection":[{"href":"https:\/\/www.radiomais.ao\/index.php\/wp-json\/wp\/v2\/posts"}],"about":[{"href":"https:\/\/www.radiomais.ao\/index.php\/wp-json\/wp\/v2\/types\/post"}],"author":[{"embeddable":true,"href":"https:\/\/www.radiomais.ao\/index.php\/wp-json\/wp\/v2\/users\/3"}],"replies":[{"embeddable":true,"href":"https:\/\/www.radiomais.ao\/index.php\/wp-json\/wp\/v2\/comments?post=5736"}],"version-history":[{"count":1,"href":"https:\/\/www.radiomais.ao\/index.php\/wp-json\/wp\/v2\/posts\/5736\/revisions"}],"predecessor-version":[{"id":5738,"href":"https:\/\/www.radiomais.ao\/index.php\/wp-json\/wp\/v2\/posts\/5736\/revisions\/5738"}],"wp:featuredmedia":[{"embeddable":true,"href":"https:\/\/www.radiomais.ao\/index.php\/wp-json\/wp\/v2\/media\/5737"}],"wp:attachment":[{"href":"https:\/\/www.radiomais.ao\/index.php\/wp-json\/wp\/v2\/media?parent=5736"}],"wp:term":[{"taxonomy":"category","embeddable":true,"href":"https:\/\/www.radiomais.ao\/index.php\/wp-json\/wp\/v2\/categories?post=5736"},{"taxonomy":"post_tag","embeddable":true,"href":"https:\/\/www.radiomais.ao\/index.php\/wp-json\/wp\/v2\/tags?post=5736"}],"curies":[{"name":"wp","href":"https:\/\/api.w.org\/{rel}","templated":true}]}}