{"id":5739,"date":"2026-04-17T09:40:52","date_gmt":"2026-04-17T08:40:52","guid":{"rendered":"https:\/\/www.radiomais.ao\/?p=5739"},"modified":"2026-04-17T09:40:52","modified_gmt":"2026-04-17T08:40:52","slug":"muxima-pronta-para-abracar-turistas-dos-quatro-cantos-do-mundo","status":"publish","type":"post","link":"https:\/\/www.radiomais.ao\/index.php\/2026\/04\/17\/muxima-pronta-para-abracar-turistas-dos-quatro-cantos-do-mundo\/","title":{"rendered":"Muxima pronta para \u2018abra\u00e7ar\u2019 turistas dos quatro cantos do mundo"},"content":{"rendered":"\n<p><strong>A visita do Papa Le\u00e3o XIV ao Santu\u00e1rio de Nossa Senhora da Concei\u00e7\u00e3o da Muxima \u00e9 um acontecimento hist\u00f3rico que tem o potencial de estimular o turismo religioso no pa\u00eds e promover a imagem de Angola no palco global, atraindo assim recursos financeiros e investimentos<\/strong><\/p>\n\n\n\n<p>O Papa Le\u00e3o XIV visita Angola entre 18 e 21 de Abril e, no dia 19, vai presidir a uma celebra\u00e7\u00e3o eucar\u00edstica no Santu\u00e1rio da Muxima, a mais de 130 quil\u00f3metros do centro de Luanda, isto na prov\u00edncia de Icolo e Bengo. Este \u00e9 o terceiro Papa a visitar Angola, em 34 anos, sendo que o primeiro foi Jo\u00e3o Paulo II, em 1992, a que se seguiu Bento XVI em 2009.<\/p>\n\n\n\n<p>De acordo com o reitor do Santu\u00e1rio da Muxima, padre Mpindi Alberto, em declara\u00e7\u00f5es ao OPA\u00cdS, o foco principal da visita \u00e9 trazer a palavra de Deus, a mensagem da paz, de tranquilidade, de esperan\u00e7a e da unidade. Segundo referiu, as pessoas, al\u00e9m de orarem, v\u00e3o ter a oportunidade de ver as maravilhas que Deus ope- rou na Qui\u00e7ama, na dimens\u00e3o do turismo religioso, no antes, durante e depois da chegada do Santo Padre. A visita do Papa ter\u00e1 uma enorme simbologia para os mun\u00edcipes da Qui\u00e7ama e para o pa\u00eds, de um modo geral.<\/p>\n\n\n\n<p>O turismo religioso \u00e9 uma fonte significativa de renda para muitos pa\u00edses. Promove a valoriza\u00e7\u00e3o da cultura e da hist\u00f3ria. O evento vai alavancar o turismo na regi\u00e3o, sendo este um dos ganhos para as comunidades locais e n\u00e3o s\u00f3. De acordo com o padre Mpindi Alberto, a Muxima est\u00e1 preparada para acolher o fluxo de peregrinos\/ turistas, que, segundo disse, chegar\u00e3o de todos os cantos do mundo, com o apoio do governo local e central. Na dimens\u00e3o espiritual, a Igreja est\u00e1 preparada e o governo est\u00e1 a fazer a sua parte na dimens\u00e3o que lhe compete. \u201cDesta forma, estamos preparados para pintar um quadro e um ambiente que dignifique a imagem de Angola ao mundo\u201d, sustentou.<\/p>\n","protected":false},"excerpt":{"rendered":"<p>A visita do Papa Le\u00e3o XIV ao Santu\u00e1rio de Nossa Senhora da Concei\u00e7\u00e3o da Muxima \u00e9 um acontecimento hist\u00f3rico que tem o potencial de estimular o turismo religioso no pa\u00eds e promover a imagem de Angola no palco global, atraindo assim recursos financeiros e investimentos O Papa Le\u00e3o XIV visita Angola entre 18 e 21 [&hellip;]<\/p>\n","protected":false},"author":3,"featured_media":5740,"comment_status":"open","ping_status":"open","sticky":false,"template":"","format":"standard","meta":{"footnotes":""},"categories":[16],"tags":[],"class_list":["post-5739","post","type-post","status-publish","format-standard","has-post-thumbnail","hentry","category-actualidade"],"blocksy_meta":[],"_links":{"self":[{"href":"https:\/\/www.radiomais.ao\/index.php\/wp-json\/wp\/v2\/posts\/5739","targetHints":{"allow":["GET"]}}],"collection":[{"href":"https:\/\/www.radiomais.ao\/index.php\/wp-json\/wp\/v2\/posts"}],"about":[{"href":"https:\/\/www.radiomais.ao\/index.php\/wp-json\/wp\/v2\/types\/post"}],"author":[{"embeddable":true,"href":"https:\/\/www.radiomais.ao\/index.php\/wp-json\/wp\/v2\/users\/3"}],"replies":[{"embeddable":true,"href":"https:\/\/www.radiomais.ao\/index.php\/wp-json\/wp\/v2\/comments?post=5739"}],"version-history":[{"count":1,"href":"https:\/\/www.radiomais.ao\/index.php\/wp-json\/wp\/v2\/posts\/5739\/revisions"}],"predecessor-version":[{"id":5741,"href":"https:\/\/www.radiomais.ao\/index.php\/wp-json\/wp\/v2\/posts\/5739\/revisions\/5741"}],"wp:featuredmedia":[{"embeddable":true,"href":"https:\/\/www.radiomais.ao\/index.php\/wp-json\/wp\/v2\/media\/5740"}],"wp:attachment":[{"href":"https:\/\/www.radiomais.ao\/index.php\/wp-json\/wp\/v2\/media?parent=5739"}],"wp:term":[{"taxonomy":"category","embeddable":true,"href":"https:\/\/www.radiomais.ao\/index.php\/wp-json\/wp\/v2\/categories?post=5739"},{"taxonomy":"post_tag","embeddable":true,"href":"https:\/\/www.radiomais.ao\/index.php\/wp-json\/wp\/v2\/tags?post=5739"}],"curies":[{"name":"wp","href":"https:\/\/api.w.org\/{rel}","templated":true}]}}