{"id":5745,"date":"2026-04-17T10:27:32","date_gmt":"2026-04-17T09:27:32","guid":{"rendered":"https:\/\/www.radiomais.ao\/?p=5745"},"modified":"2026-04-17T10:27:32","modified_gmt":"2026-04-17T09:27:32","slug":"inundacoes-em-benguela-inac-reporta-desaparecimento-de-61-criancas-depois-da-tragedia-do-cavaco","status":"publish","type":"post","link":"https:\/\/www.radiomais.ao\/index.php\/2026\/04\/17\/inundacoes-em-benguela-inac-reporta-desaparecimento-de-61-criancas-depois-da-tragedia-do-cavaco\/","title":{"rendered":"Inunda\u00e7\u00f5es em Benguela: INAC reporta desaparecimento de 61 crian\u00e7as depois da trag\u00e9dia do Cavaco."},"content":{"rendered":"\n<p><strong>O Instituto Nacional da Crian\u00e7a (INAC) reporta o registo de 61 crian\u00e7as desaparecidas, tendo a chefe de sec\u00e7\u00e3o de Protec\u00e7\u00e3o \u00e0 Crian\u00e7a, Flor\u00eancia Jala, dado, igualmente, nota, em declara\u00e7\u00f5es exclusivas a este jornal, da exist\u00eancia de 58 petizes, anterior- mente desaparecidos, por\u00e9m j\u00e1 entregues ao conv\u00edvio familiar<\/strong><\/p>\n\n\n\n<p>No momento em que a reportagem deste jornal se fez \u00e0 tenda na qual esteve a equipa do INAC destacada, membros de fam\u00edlias relatavam \u00e0 equipa desaparecimento de menores. Ressalta-se, deste modo, o de duas menores, com idades que variam entre 16 e 15 anos, que estariam \u00e0 procura de uma outra, de 13 anos.<\/p>\n\n\n\n<p>Quando a fam\u00edlia foi invadida pelas chuvas, elas preocuparam-se em colocar no telhado de casa, primeiro, uma idosa, de quem s\u00e3o netas. Entretanto, quando pensaram em ir buscar a irm\u00e3, a \u00e1gua inundou a casa toda e n\u00e3o mais foi vista \u2013 contaram, sob anonimato, depois de terem feito registo no INAC. Por outro lado, uma fonte governamental, que entretanto pede para n\u00e3o ser identificada, d\u00e1 conta de furtos de bens por parte de alguns agentes que auxiliam o Governo na gest\u00e3o.<\/p>\n\n\n\n<p>A fonte aponta o dedo a alguns escuteiros, que, providos de mochilas, estariam a levar coisas para casa. Entretanto, confrontado com esta informa\u00e7\u00e3o, o dirigente dos escuteiros destacados no Campismo Navegantes, Abra\u00e3o Lote, disse que desconhecia tal informa\u00e7\u00e3o, pelo que desafiava a nossa fonte a fazer prova da den\u00fancia que apresentou ao jornal OPA\u00cdS, ao destacar a maturidade e esp\u00edrito de compromisso dos escuteiros. Ler mais em<strong><em><a href=\"https:\/\/www.opais.ao\/sociedade\/inundacoes-em-benguela-inac-reporta-desaparecimento-de-61-criancas-depois-da-tragedia-do-cavaco\/\"> Opa\u00eds<\/a><\/em><\/strong><\/p>\n","protected":false},"excerpt":{"rendered":"<p>O Instituto Nacional da Crian\u00e7a (INAC) reporta o registo de 61 crian\u00e7as desaparecidas, tendo a chefe de sec\u00e7\u00e3o de Protec\u00e7\u00e3o \u00e0 Crian\u00e7a, Flor\u00eancia Jala, dado, igualmente, nota, em declara\u00e7\u00f5es exclusivas a este jornal, da exist\u00eancia de 58 petizes, anterior- mente desaparecidos, por\u00e9m j\u00e1 entregues ao conv\u00edvio familiar No momento em que a reportagem deste jornal [&hellip;]<\/p>\n","protected":false},"author":3,"featured_media":5746,"comment_status":"open","ping_status":"open","sticky":false,"template":"","format":"standard","meta":{"footnotes":""},"categories":[16],"tags":[365,2381],"class_list":["post-5745","post","type-post","status-publish","format-standard","has-post-thumbnail","hentry","category-actualidade","tag-inac","tag-rio-cavaco"],"blocksy_meta":[],"_links":{"self":[{"href":"https:\/\/www.radiomais.ao\/index.php\/wp-json\/wp\/v2\/posts\/5745","targetHints":{"allow":["GET"]}}],"collection":[{"href":"https:\/\/www.radiomais.ao\/index.php\/wp-json\/wp\/v2\/posts"}],"about":[{"href":"https:\/\/www.radiomais.ao\/index.php\/wp-json\/wp\/v2\/types\/post"}],"author":[{"embeddable":true,"href":"https:\/\/www.radiomais.ao\/index.php\/wp-json\/wp\/v2\/users\/3"}],"replies":[{"embeddable":true,"href":"https:\/\/www.radiomais.ao\/index.php\/wp-json\/wp\/v2\/comments?post=5745"}],"version-history":[{"count":1,"href":"https:\/\/www.radiomais.ao\/index.php\/wp-json\/wp\/v2\/posts\/5745\/revisions"}],"predecessor-version":[{"id":5747,"href":"https:\/\/www.radiomais.ao\/index.php\/wp-json\/wp\/v2\/posts\/5745\/revisions\/5747"}],"wp:featuredmedia":[{"embeddable":true,"href":"https:\/\/www.radiomais.ao\/index.php\/wp-json\/wp\/v2\/media\/5746"}],"wp:attachment":[{"href":"https:\/\/www.radiomais.ao\/index.php\/wp-json\/wp\/v2\/media?parent=5745"}],"wp:term":[{"taxonomy":"category","embeddable":true,"href":"https:\/\/www.radiomais.ao\/index.php\/wp-json\/wp\/v2\/categories?post=5745"},{"taxonomy":"post_tag","embeddable":true,"href":"https:\/\/www.radiomais.ao\/index.php\/wp-json\/wp\/v2\/tags?post=5745"}],"curies":[{"name":"wp","href":"https:\/\/api.w.org\/{rel}","templated":true}]}}