{"id":578,"date":"2025-06-25T09:17:16","date_gmt":"2025-06-25T08:17:16","guid":{"rendered":"https:\/\/www.radiomais.ao\/?p=578"},"modified":"2025-06-25T09:17:16","modified_gmt":"2025-06-25T08:17:16","slug":"uniao-africana-precisa-de-bilioes-de-dolares-para-desenvolver-as-infra-estruturas-do-continente","status":"publish","type":"post","link":"https:\/\/www.radiomais.ao\/index.php\/2025\/06\/25\/uniao-africana-precisa-de-bilioes-de-dolares-para-desenvolver-as-infra-estruturas-do-continente\/","title":{"rendered":"Uni\u00e3o Africana precisa de bili\u00f5es de d\u00f3lares para desenvolver as infra-estruturas do continente."},"content":{"rendered":"\n<p><strong>A C<\/strong>imeira de Financiamento das Infra-estruturas que Luanda vai acolher no m\u00eas de Outubro \u00e9 uma das iniciativas e apostas da Presid\u00eancia angolana na Uni\u00e3o Africana, a maior organiza\u00e7\u00e3o do continente, para arrecadar recursos, promover o desenvolvimento, as trocas comerciais e ligar \u00c1frica aos mercados globais. Fonte <strong><em><a href=\"https:\/\/www.opais.ao\/politica\/uniao-africana-precisa-de-bilioes-de-dolares-para-desenvolver-as-infra-estruturas-do-continente\/\">Opa\u00eds<\/a><\/em><\/strong><\/p>\n\n\n\n<p><\/p>\n","protected":false},"excerpt":{"rendered":"<p>A Cimeira de Financiamento das Infra-estruturas que Luanda vai acolher no m\u00eas de Outubro \u00e9 uma das iniciativas e apostas da Presid\u00eancia angolana na Uni\u00e3o Africana, a maior organiza\u00e7\u00e3o do continente, para arrecadar recursos, promover o desenvolvimento, as trocas comerciais e ligar \u00c1frica aos mercados globais. Fonte Opa\u00eds<\/p>\n","protected":false},"author":3,"featured_media":579,"comment_status":"open","ping_status":"open","sticky":false,"template":"","format":"standard","meta":{"footnotes":""},"categories":[16],"tags":[35],"class_list":["post-578","post","type-post","status-publish","format-standard","has-post-thumbnail","hentry","category-actualidade","tag-uniao-africana-precisa-de-bilioes-de-dolares"],"blocksy_meta":[],"_links":{"self":[{"href":"https:\/\/www.radiomais.ao\/index.php\/wp-json\/wp\/v2\/posts\/578","targetHints":{"allow":["GET"]}}],"collection":[{"href":"https:\/\/www.radiomais.ao\/index.php\/wp-json\/wp\/v2\/posts"}],"about":[{"href":"https:\/\/www.radiomais.ao\/index.php\/wp-json\/wp\/v2\/types\/post"}],"author":[{"embeddable":true,"href":"https:\/\/www.radiomais.ao\/index.php\/wp-json\/wp\/v2\/users\/3"}],"replies":[{"embeddable":true,"href":"https:\/\/www.radiomais.ao\/index.php\/wp-json\/wp\/v2\/comments?post=578"}],"version-history":[{"count":1,"href":"https:\/\/www.radiomais.ao\/index.php\/wp-json\/wp\/v2\/posts\/578\/revisions"}],"predecessor-version":[{"id":580,"href":"https:\/\/www.radiomais.ao\/index.php\/wp-json\/wp\/v2\/posts\/578\/revisions\/580"}],"wp:featuredmedia":[{"embeddable":true,"href":"https:\/\/www.radiomais.ao\/index.php\/wp-json\/wp\/v2\/media\/579"}],"wp:attachment":[{"href":"https:\/\/www.radiomais.ao\/index.php\/wp-json\/wp\/v2\/media?parent=578"}],"wp:term":[{"taxonomy":"category","embeddable":true,"href":"https:\/\/www.radiomais.ao\/index.php\/wp-json\/wp\/v2\/categories?post=578"},{"taxonomy":"post_tag","embeddable":true,"href":"https:\/\/www.radiomais.ao\/index.php\/wp-json\/wp\/v2\/tags?post=578"}],"curies":[{"name":"wp","href":"https:\/\/api.w.org\/{rel}","templated":true}]}}