{"id":5817,"date":"2026-04-21T09:15:58","date_gmt":"2026-04-21T08:15:58","guid":{"rendered":"https:\/\/www.radiomais.ao\/?p=5817"},"modified":"2026-04-21T09:15:58","modified_gmt":"2026-04-21T08:15:58","slug":"supremo-anuncia-criacao-de-novos-tribunais-para-aliviar-pressao-judicial-em-luanda","status":"publish","type":"post","link":"https:\/\/www.radiomais.ao\/index.php\/2026\/04\/21\/supremo-anuncia-criacao-de-novos-tribunais-para-aliviar-pressao-judicial-em-luanda\/","title":{"rendered":"Supremo anuncia cria\u00e7\u00e3o de novos tribunais para aliviar press\u00e3o judicial em Luanda."},"content":{"rendered":"\n<p><strong>A capital do pa\u00eds dever\u00e1 contar, nos pr\u00f3ximos dias, com novos tribunais de comarca nos munic\u00edpios de Cacuaco e Cazenga, no quadro do plano de reorganiza\u00e7\u00e3o do sistema judicial angolano<\/strong><\/p>\n\n\n\n<p>O an\u00fancio foi feito, ontem, pelo juiz-presidente do Tribunal da Comarca de Luanda, Paulino C\u00e2ndido, \u00e0 margem da visita do presidente do Conselho Superior da Magistratura Judicial, Norberto Sodr\u00e9, a v\u00e1rias unidades judiciais da cidade. Segundo o magistrado, a cria\u00e7\u00e3o das novas comarcas integra o mapa judici\u00e1rio em execu\u00e7\u00e3o, que visa melhorar a capacidade de resposta dos tribunais e aproximar a justi\u00e7a dos cidad\u00e3os.<\/p>\n\n\n\n<p>\u201cNos pr\u00f3ximos dias, vamos ter a comarca de Cacuaco e, posteriormente, poderemos contar tamb\u00e9m com a do Cazenga\u201d, afirmou, acrescentando que, neste \u00faltimo munic\u00edpio, est\u00e3o previstas duas estruturas judiciais. A iniciativa surge num contexto de fortes limita\u00e7\u00f5es enfrentadas pelo Tribunal da Comarca de Luanda, marcado pela insufici\u00eancia de infra-estruturas, escassez de magistrados e dificuldades log\u00edsticas. Ler mais em <strong><em><a href=\"https:\/\/www.opais.ao\/politica\/supremo-anuncia-criacao-de-novos-tribunais-para-aliviar-pressao-judicial-em-luanda\/\">Opa\u00eds<\/a><\/em><\/strong><\/p>\n","protected":false},"excerpt":{"rendered":"<p>A capital do pa\u00eds dever\u00e1 contar, nos pr\u00f3ximos dias, com novos tribunais de comarca nos munic\u00edpios de Cacuaco e Cazenga, no quadro do plano de reorganiza\u00e7\u00e3o do sistema judicial angolano O an\u00fancio foi feito, ontem, pelo juiz-presidente do Tribunal da Comarca de Luanda, Paulino C\u00e2ndido, \u00e0 margem da visita do presidente do Conselho Superior da [&hellip;]<\/p>\n","protected":false},"author":3,"featured_media":5818,"comment_status":"open","ping_status":"open","sticky":false,"template":"","format":"standard","meta":{"footnotes":""},"categories":[16],"tags":[2424,2423],"class_list":["post-5817","post","type-post","status-publish","format-standard","has-post-thumbnail","hentry","category-actualidade","tag-pressao-em-luanda","tag-supremo-tribunal"],"blocksy_meta":[],"_links":{"self":[{"href":"https:\/\/www.radiomais.ao\/index.php\/wp-json\/wp\/v2\/posts\/5817","targetHints":{"allow":["GET"]}}],"collection":[{"href":"https:\/\/www.radiomais.ao\/index.php\/wp-json\/wp\/v2\/posts"}],"about":[{"href":"https:\/\/www.radiomais.ao\/index.php\/wp-json\/wp\/v2\/types\/post"}],"author":[{"embeddable":true,"href":"https:\/\/www.radiomais.ao\/index.php\/wp-json\/wp\/v2\/users\/3"}],"replies":[{"embeddable":true,"href":"https:\/\/www.radiomais.ao\/index.php\/wp-json\/wp\/v2\/comments?post=5817"}],"version-history":[{"count":1,"href":"https:\/\/www.radiomais.ao\/index.php\/wp-json\/wp\/v2\/posts\/5817\/revisions"}],"predecessor-version":[{"id":5819,"href":"https:\/\/www.radiomais.ao\/index.php\/wp-json\/wp\/v2\/posts\/5817\/revisions\/5819"}],"wp:featuredmedia":[{"embeddable":true,"href":"https:\/\/www.radiomais.ao\/index.php\/wp-json\/wp\/v2\/media\/5818"}],"wp:attachment":[{"href":"https:\/\/www.radiomais.ao\/index.php\/wp-json\/wp\/v2\/media?parent=5817"}],"wp:term":[{"taxonomy":"category","embeddable":true,"href":"https:\/\/www.radiomais.ao\/index.php\/wp-json\/wp\/v2\/categories?post=5817"},{"taxonomy":"post_tag","embeddable":true,"href":"https:\/\/www.radiomais.ao\/index.php\/wp-json\/wp\/v2\/tags?post=5817"}],"curies":[{"name":"wp","href":"https:\/\/api.w.org\/{rel}","templated":true}]}}