{"id":582,"date":"2025-06-25T09:22:16","date_gmt":"2025-06-25T08:22:16","guid":{"rendered":"https:\/\/www.radiomais.ao\/?p=582"},"modified":"2025-06-25T09:22:16","modified_gmt":"2025-06-25T08:22:16","slug":"angola-e-eua-reforcam-lacos-bilaterais","status":"publish","type":"post","link":"https:\/\/www.radiomais.ao\/index.php\/2025\/06\/25\/angola-e-eua-reforcam-lacos-bilaterais\/","title":{"rendered":"Angola e EUA refor\u00e7am la\u00e7os bilaterais."},"content":{"rendered":"\n<p>O aprofundamento das rela\u00e7\u00f5es bilaterais entre Angola e os Estados Unidos da Am\u00e9rica esteve no centro do encontro realizado na tarde desta ter\u00e7a-feira, em Luanda, entre o ministro das Rela\u00e7\u00f5es Exteriores, T\u00e9te Ant\u00f3nio, e Massad Boulos, Conselheiro S\u00e9nior do Presidente Donald Trump para os Assuntos Africanos, \u00c1rabes e do M\u00e9dio Oriente<strong>.<\/strong> Fonte <strong><em><a href=\"https:\/\/www.opais.ao\/politica\/angola-e-eua-reforcam-lacos-bilaterais-com-foco-na-paz-estabilidade-e-desenvolvimento-economico-em-africa\/\">O pa\u00eds<\/a><\/em><\/strong><\/p>\n\n\n\n<p><\/p>\n","protected":false},"excerpt":{"rendered":"<p>O aprofundamento das rela\u00e7\u00f5es bilaterais entre Angola e os Estados Unidos da Am\u00e9rica esteve no centro do encontro realizado na tarde desta ter\u00e7a-feira, em Luanda, entre o ministro das Rela\u00e7\u00f5es Exteriores, T\u00e9te Ant\u00f3nio, e Massad Boulos, Conselheiro S\u00e9nior do Presidente Donald Trump para os Assuntos Africanos, \u00c1rabes e do M\u00e9dio Oriente. Fonte O pa\u00eds<\/p>\n","protected":false},"author":3,"featured_media":583,"comment_status":"open","ping_status":"open","sticky":false,"template":"","format":"standard","meta":{"footnotes":""},"categories":[16],"tags":[36],"class_list":["post-582","post","type-post","status-publish","format-standard","has-post-thumbnail","hentry","category-actualidade","tag-angola-e-eua-reforcam-lacos-bilaterais"],"blocksy_meta":[],"_links":{"self":[{"href":"https:\/\/www.radiomais.ao\/index.php\/wp-json\/wp\/v2\/posts\/582","targetHints":{"allow":["GET"]}}],"collection":[{"href":"https:\/\/www.radiomais.ao\/index.php\/wp-json\/wp\/v2\/posts"}],"about":[{"href":"https:\/\/www.radiomais.ao\/index.php\/wp-json\/wp\/v2\/types\/post"}],"author":[{"embeddable":true,"href":"https:\/\/www.radiomais.ao\/index.php\/wp-json\/wp\/v2\/users\/3"}],"replies":[{"embeddable":true,"href":"https:\/\/www.radiomais.ao\/index.php\/wp-json\/wp\/v2\/comments?post=582"}],"version-history":[{"count":1,"href":"https:\/\/www.radiomais.ao\/index.php\/wp-json\/wp\/v2\/posts\/582\/revisions"}],"predecessor-version":[{"id":584,"href":"https:\/\/www.radiomais.ao\/index.php\/wp-json\/wp\/v2\/posts\/582\/revisions\/584"}],"wp:featuredmedia":[{"embeddable":true,"href":"https:\/\/www.radiomais.ao\/index.php\/wp-json\/wp\/v2\/media\/583"}],"wp:attachment":[{"href":"https:\/\/www.radiomais.ao\/index.php\/wp-json\/wp\/v2\/media?parent=582"}],"wp:term":[{"taxonomy":"category","embeddable":true,"href":"https:\/\/www.radiomais.ao\/index.php\/wp-json\/wp\/v2\/categories?post=582"},{"taxonomy":"post_tag","embeddable":true,"href":"https:\/\/www.radiomais.ao\/index.php\/wp-json\/wp\/v2\/tags?post=582"}],"curies":[{"name":"wp","href":"https:\/\/api.w.org\/{rel}","templated":true}]}}