{"id":5820,"date":"2026-04-21T09:20:41","date_gmt":"2026-04-21T08:20:41","guid":{"rendered":"https:\/\/www.radiomais.ao\/?p=5820"},"modified":"2026-04-21T09:20:41","modified_gmt":"2026-04-21T08:20:41","slug":"executivo-autoriza-68-milhoes-de-dolares-para-construcao-do-hospital-geral-do-soyo","status":"publish","type":"post","link":"https:\/\/www.radiomais.ao\/index.php\/2026\/04\/21\/executivo-autoriza-68-milhoes-de-dolares-para-construcao-do-hospital-geral-do-soyo\/","title":{"rendered":"Executivo autoriza 68 milh\u00f5es de d\u00f3lares para constru\u00e7\u00e3o do Hospital Geral do Soyo."},"content":{"rendered":"\n<p>O Presidente da Rep\u00fablica, Jo\u00e3o Louren\u00e7o, autorizou uma despesa de cerca de 68 milh\u00f5es de d\u00f3lares para a constru\u00e7\u00e3o e apetrechamento do Hospital Geral do Soyo, na prov\u00edncia do Zaire.<\/p>\n\n\n\n<p>De acordo com informa\u00e7\u00f5es divulgadas pela p\u00e1gina do Governo Provincial do Zaire, a decis\u00e3o consta do Despacho Presidencial n.\u00ba 131\/26, de 16 de Abril, que determina que a empreitada seja adjudicada por contrata\u00e7\u00e3o simplificada.<\/p>\n\n\n\n<p>No mesmo documento, o Chefe de Estado autoriza ainda o desembolso de aproximadamente 3,4 milh\u00f5es de d\u00f3lares para a contrata\u00e7\u00e3o dos servi\u00e7os de fiscaliza\u00e7\u00e3o da obra.<\/p>\n\n\n\n<p>A ministra da Sa\u00fade, S\u00edlvia Lutucuta, recebe compet\u00eancias, com possibilidade de subdelega\u00e7\u00e3o, para aprovar as pe\u00e7as do procedimento, bem como para verificar a validade e legalidade dos atos praticados no quadro dos contratos. Ler mais em <strong><em><a href=\"https:\/\/www.opais.ao\/politica\/executivo-autoriza-68-milhoes-de-dolares-para-construcao-do-hospital-geral-do-soyo\/\">Opa\u00eds<\/a><\/em><\/strong><\/p>\n","protected":false},"excerpt":{"rendered":"<p>O Presidente da Rep\u00fablica, Jo\u00e3o Louren\u00e7o, autorizou uma despesa de cerca de 68 milh\u00f5es de d\u00f3lares para a constru\u00e7\u00e3o e apetrechamento do Hospital Geral do Soyo, na prov\u00edncia do Zaire. De acordo com informa\u00e7\u00f5es divulgadas pela p\u00e1gina do Governo Provincial do Zaire, a decis\u00e3o consta do Despacho Presidencial n.\u00ba 131\/26, de 16 de Abril, que [&hellip;]<\/p>\n","protected":false},"author":3,"featured_media":5821,"comment_status":"open","ping_status":"open","sticky":false,"template":"","format":"standard","meta":{"footnotes":""},"categories":[16],"tags":[2425,2426],"class_list":["post-5820","post","type-post","status-publish","format-standard","has-post-thumbnail","hentry","category-actualidade","tag-hospital-geral-do-soyo","tag-valores-disponibilizados-pelo-executivo"],"blocksy_meta":[],"_links":{"self":[{"href":"https:\/\/www.radiomais.ao\/index.php\/wp-json\/wp\/v2\/posts\/5820","targetHints":{"allow":["GET"]}}],"collection":[{"href":"https:\/\/www.radiomais.ao\/index.php\/wp-json\/wp\/v2\/posts"}],"about":[{"href":"https:\/\/www.radiomais.ao\/index.php\/wp-json\/wp\/v2\/types\/post"}],"author":[{"embeddable":true,"href":"https:\/\/www.radiomais.ao\/index.php\/wp-json\/wp\/v2\/users\/3"}],"replies":[{"embeddable":true,"href":"https:\/\/www.radiomais.ao\/index.php\/wp-json\/wp\/v2\/comments?post=5820"}],"version-history":[{"count":1,"href":"https:\/\/www.radiomais.ao\/index.php\/wp-json\/wp\/v2\/posts\/5820\/revisions"}],"predecessor-version":[{"id":5822,"href":"https:\/\/www.radiomais.ao\/index.php\/wp-json\/wp\/v2\/posts\/5820\/revisions\/5822"}],"wp:featuredmedia":[{"embeddable":true,"href":"https:\/\/www.radiomais.ao\/index.php\/wp-json\/wp\/v2\/media\/5821"}],"wp:attachment":[{"href":"https:\/\/www.radiomais.ao\/index.php\/wp-json\/wp\/v2\/media?parent=5820"}],"wp:term":[{"taxonomy":"category","embeddable":true,"href":"https:\/\/www.radiomais.ao\/index.php\/wp-json\/wp\/v2\/categories?post=5820"},{"taxonomy":"post_tag","embeddable":true,"href":"https:\/\/www.radiomais.ao\/index.php\/wp-json\/wp\/v2\/tags?post=5820"}],"curies":[{"name":"wp","href":"https:\/\/api.w.org\/{rel}","templated":true}]}}