{"id":5908,"date":"2026-04-24T09:34:05","date_gmt":"2026-04-24T08:34:05","guid":{"rendered":"https:\/\/www.radiomais.ao\/?p=5908"},"modified":"2026-04-24T09:34:05","modified_gmt":"2026-04-24T08:34:05","slug":"novos-circulos-eleitoraiscolocam-angola-em-situacao-de-inconstitucionalidade-por-omissao","status":"publish","type":"post","link":"https:\/\/www.radiomais.ao\/index.php\/2026\/04\/24\/novos-circulos-eleitoraiscolocam-angola-em-situacao-de-inconstitucionalidade-por-omissao\/","title":{"rendered":"Novos c\u00edrculos eleitorais\u201ccolocam Angola em situa\u00e7\u00e3o de inconstitucionalidade por omiss\u00e3o\u201d."},"content":{"rendered":"\n<p><strong>Enquanto a Comiss\u00e3o Nacional Eleitoral (CNE) se prepara para criar as condi\u00e7\u00f5es t\u00e9cnicas e humanas para que o pr\u00f3ximo pleito eleitoral decorra com normalidade, especialista em direito constitucional alerta que o pa\u00eds se encontra, neste momento, numa situa\u00e7\u00e3o de inconstitucionalidade por omiss\u00e3o, resultante da cria\u00e7\u00e3o de tr\u00eas novos c\u00edrculos eleitorais<\/strong><\/p>\n\n\n\n<p>Nas contas da CNE, o pa\u00eds conta actualmente com 326 c\u00edrculos eleitorais municipais, afectos aos 21 c\u00edrculos provinciais, pelo que prev\u00ea contratar ainda este ano uma empresa para instalar servi\u00e7os de telecomunica\u00e7\u00f5es e equipamentos de transmiss\u00e3o de dados nos 162 munic\u00edpios que surgiram em fun\u00e7\u00e3o da nova Divis\u00e3o Pol\u00edtica e Administrativa (DPA).<\/p>\n\n\n\n<p>Para executar esse processo, acrescido da actualiza\u00e7\u00e3o do sistema instalado nos 164 munic\u00edpios que existiam antes da revis\u00e3o, prev\u00ea-se aplicar 2 mil milh\u00f5es, 850 milh\u00f5es de kwanzas, de acordo com o Plano Anual de Contrata\u00e7\u00e3o P\u00fablica desta institui\u00e7\u00e3o que congrega representantes de todos os partidos com assento parlamentar, ao qual o jornal OPA\u00cdS teve acesso.<\/p>\n\n\n\n<p>Em declara\u00e7\u00f5es ao referido jornal, o constitucionalista Albano Pedro afirmou que a cria\u00e7\u00e3o dos c\u00edrculos eleitorais de Icolo e Bengo, Moxico Leste e Cubango, resultante da divis\u00e3o das prov\u00edncias de Luanda, Moxico e Cuando Cubango, sem ser acompanhada de uma revis\u00e3o pontual da Constitui\u00e7\u00e3o, indica que houve uma falha que precisa ser sanada.<\/p>\n","protected":false},"excerpt":{"rendered":"<p>Enquanto a Comiss\u00e3o Nacional Eleitoral (CNE) se prepara para criar as condi\u00e7\u00f5es t\u00e9cnicas e humanas para que o pr\u00f3ximo pleito eleitoral decorra com normalidade, especialista em direito constitucional alerta que o pa\u00eds se encontra, neste momento, numa situa\u00e7\u00e3o de inconstitucionalidade por omiss\u00e3o, resultante da cria\u00e7\u00e3o de tr\u00eas novos c\u00edrculos eleitorais Nas contas da CNE, o [&hellip;]<\/p>\n","protected":false},"author":3,"featured_media":5909,"comment_status":"open","ping_status":"open","sticky":false,"template":"","format":"standard","meta":{"footnotes":""},"categories":[16],"tags":[75,2467],"class_list":["post-5908","post","type-post","status-publish","format-standard","has-post-thumbnail","hentry","category-actualidade","tag-angola","tag-novos-circulos-eleitorais"],"blocksy_meta":[],"_links":{"self":[{"href":"https:\/\/www.radiomais.ao\/index.php\/wp-json\/wp\/v2\/posts\/5908","targetHints":{"allow":["GET"]}}],"collection":[{"href":"https:\/\/www.radiomais.ao\/index.php\/wp-json\/wp\/v2\/posts"}],"about":[{"href":"https:\/\/www.radiomais.ao\/index.php\/wp-json\/wp\/v2\/types\/post"}],"author":[{"embeddable":true,"href":"https:\/\/www.radiomais.ao\/index.php\/wp-json\/wp\/v2\/users\/3"}],"replies":[{"embeddable":true,"href":"https:\/\/www.radiomais.ao\/index.php\/wp-json\/wp\/v2\/comments?post=5908"}],"version-history":[{"count":1,"href":"https:\/\/www.radiomais.ao\/index.php\/wp-json\/wp\/v2\/posts\/5908\/revisions"}],"predecessor-version":[{"id":5910,"href":"https:\/\/www.radiomais.ao\/index.php\/wp-json\/wp\/v2\/posts\/5908\/revisions\/5910"}],"wp:featuredmedia":[{"embeddable":true,"href":"https:\/\/www.radiomais.ao\/index.php\/wp-json\/wp\/v2\/media\/5909"}],"wp:attachment":[{"href":"https:\/\/www.radiomais.ao\/index.php\/wp-json\/wp\/v2\/media?parent=5908"}],"wp:term":[{"taxonomy":"category","embeddable":true,"href":"https:\/\/www.radiomais.ao\/index.php\/wp-json\/wp\/v2\/categories?post=5908"},{"taxonomy":"post_tag","embeddable":true,"href":"https:\/\/www.radiomais.ao\/index.php\/wp-json\/wp\/v2\/tags?post=5908"}],"curies":[{"name":"wp","href":"https:\/\/api.w.org\/{rel}","templated":true}]}}